{"id":7175,"date":"2020-06-23T13:00:10","date_gmt":"2020-06-23T16:00:10","guid":{"rendered":"https:\/\/barbosaestrutural.com.br\/?p=7175"},"modified":"2025-09-04T13:56:21","modified_gmt":"2025-09-04T16:56:21","slug":"avaliacao-de-imoveis-o-que-e","status":"publish","type":"post","link":"https:\/\/barbosaestrutural.com.br\/index.php\/2020\/06\/23\/avaliacao-de-imoveis-o-que-e\/","title":{"rendered":"O que \u00e9 a avalia\u00e7\u00e3o de im\u00f3veis?"},"content":{"rendered":"\n<p>A <strong>avalia\u00e7\u00e3o de im\u00f3veis<\/strong> \u00e9 o processo t\u00e9cnico de determinar o <strong>valor de um im\u00f3vel<\/strong>, seja residencial, comercial ou industrial. Esse valor \u00e9 obtido com base em crit\u00e9rios objetivos, como localiza\u00e7\u00e3o, tamanho, estado de conserva\u00e7\u00e3o e caracter\u00edsticas estruturais.<\/p>\n\n\n\n<p>A avalia\u00e7\u00e3o \u00e9 feita por <strong>peritos ou engenheiros especializados<\/strong>, que utilizam m\u00e9todos reconhecidos pelo mercado imobili\u00e1rio e pela legisla\u00e7\u00e3o para chegar a um pre\u00e7o justo e confi\u00e1vel.<\/p>\n\n\n\n<h3 class=\"wp-block-heading\">Para que serve a avalia\u00e7\u00e3o de im\u00f3veis?<\/h3>\n\n\n\n<ul class=\"wp-block-list\">\n<li><strong>Compra e venda:<\/strong> garante que o pre\u00e7o do im\u00f3vel esteja de acordo com o mercado.<\/li>\n\n\n\n<li><strong>Financiamentos e garantias banc\u00e1rias:<\/strong> bancos exigem avalia\u00e7\u00e3o para liberar cr\u00e9dito.<\/li>\n\n\n\n<li><strong>Impostos e invent\u00e1rios:<\/strong> determina o valor para c\u00e1lculo de ITBI, IPTU ou partilhas.<\/li>\n\n\n\n<li><strong>Regulariza\u00e7\u00e3o de im\u00f3veis:<\/strong> ajuda em processos de regulariza\u00e7\u00e3o ou disputas judiciais.<\/li>\n<\/ul>\n\n\n\n<h3 class=\"wp-block-heading\">Como \u00e9 feita a avalia\u00e7\u00e3o?<\/h3>\n\n\n\n<p>Existem diferentes m\u00e9todos para avaliar um im\u00f3vel:<\/p>\n\n\n\n<ol class=\"wp-block-list\">\n<li><strong>M\u00e9todo comparativo de mercado<\/strong><br>Compara o im\u00f3vel com outros semelhantes na mesma regi\u00e3o que foram vendidos recentemente.<\/li>\n\n\n\n<li><strong>M\u00e9todo de custo<\/strong><br>Calcula o valor baseado no custo de constru\u00e7\u00e3o do im\u00f3vel, considerando desgaste e idade.<\/li>\n\n\n\n<li><strong>M\u00e9todo de renda<\/strong><br>Usado principalmente para im\u00f3veis comerciais, analisa o potencial de gera\u00e7\u00e3o de renda do im\u00f3vel.<\/li>\n<\/ol>\n\n\n\n<h3 class=\"wp-block-heading\">Import\u00e2ncia de uma avalia\u00e7\u00e3o profissional<\/h3>\n\n\n\n<p>Uma avalia\u00e7\u00e3o bem feita garante seguran\u00e7a tanto para compradores quanto para vendedores, evitando problemas futuros. Al\u00e9m disso, em processos judiciais ou negocia\u00e7\u00f5es financeiras, <strong>um laudo t\u00e9cnico pode ser decisivo<\/strong> para proteger os interesses das partes envolvidas.<\/p>\n\n\n\n<p><\/p>\n","protected":false},"excerpt":{"rendered":"<p>A avalia\u00e7\u00e3o de im\u00f3veis \u00e9 o processo t\u00e9cnico de determinar o valor de um im\u00f3vel, seja residencial, comercial ou industrial. Esse valor \u00e9 obtido com base em crit\u00e9rios objetivos, como localiza\u00e7\u00e3o, tamanho, estado de conserva\u00e7\u00e3o e caracter\u00edsticas estruturais. A avalia\u00e7\u00e3o \u00e9 feita por peritos ou engenheiros especializados, que utilizam m\u00e9todos reconhecidos pelo mercado imobili\u00e1rio e [&hellip;]<\/p>\n","protected":false},"author":1,"featured_media":7177,"comment_status":"open","ping_status":"open","sticky":false,"template":"","format":"standard","meta":{"footnotes":""},"categories":[153],"tags":[132,135,115,130,121,117,137,134,11,136,114,123,119,125,113,141,139,109,128,95,110,138,127,129,133,120,126,108,118,116,112,122,124,131,142,111,140],"class_list":["post-7175","post","type-post","status-publish","format-standard","has-post-thumbnail","hentry","category-engenharia-diagnostica-pericias-analise-tecnica","tag-arquiteto-perito-judicial","tag-assistente-tecnico-engenharia-civil","tag-casa-cedendo","tag-casa-com-infiltracao","tag-casa-trincado","tag-engenharia-de-avaliacoes-e-pericias","tag-engenheiro-civil-perito-judicial","tag-imovel-com-problemas-estruturais","tag-laudo-de-engenharia-civil","tag-laudo-engenharia-civil","tag-laudo-engenheiro-civil","tag-laudo-pericial-engenharia-civil","tag-laudo-tecnico-construcao-civil","tag-laudo-tecnico-de-inspecao-predial","tag-laudo-tecnico-engenharia-civil","tag-laudos-engenharia-civil","tag-pericia-e-avaliacao-de-imoveis","tag-pericia-engenharia-civil","tag-pericia-judicial-engenharia-civil","tag-perito-avaliador-de-imoveis","tag-perito-engenharia-civil","tag-perito-engenheiro-civil","tag-perito-judicial-arquiteto","tag-perito-judicial-engenheiro-civil","tag-processo-contra-construtora-por-defeitos-na-obra","tag-rachadura-estrutural","tag-rachaduras-na-casa","tag-rachaduras-na-parede-quando-se-preocupar","tag-recuperacao-estrutural","tag-reforco-estrutural","tag-reforco-estrutural-com-perfis-metalicos","tag-reforco-estrutural-residencial","tag-responsabilidade-da-construtora-por-defeitos-na-obra","tag-responsabilidade-do-condominio-ou-do-morador","tag-vicio-de-construcao","tag-vicios-construtivos","tag-vicios-de-construcao"],"aioseo_notices":[],"_links":{"self":[{"href":"https:\/\/barbosaestrutural.com.br\/index.php\/wp-json\/wp\/v2\/posts\/7175","targetHints":{"allow":["GET"]}}],"collection":[{"href":"https:\/\/barbosaestrutural.com.br\/index.php\/wp-json\/wp\/v2\/posts"}],"about":[{"href":"https:\/\/barbosaestrutural.com.br\/index.php\/wp-json\/wp\/v2\/types\/post"}],"author":[{"embeddable":true,"href":"https:\/\/barbosaestrutural.com.br\/index.php\/wp-json\/wp\/v2\/users\/1"}],"replies":[{"embeddable":true,"href":"https:\/\/barbosaestrutural.com.br\/index.php\/wp-json\/wp\/v2\/comments?post=7175"}],"version-history":[{"count":2,"href":"https:\/\/barbosaestrutural.com.br\/index.php\/wp-json\/wp\/v2\/posts\/7175\/revisions"}],"predecessor-version":[{"id":7178,"href":"https:\/\/barbosaestrutural.com.br\/index.php\/wp-json\/wp\/v2\/posts\/7175\/revisions\/7178"}],"wp:featuredmedia":[{"embeddable":true,"href":"https:\/\/barbosaestrutural.com.br\/index.php\/wp-json\/wp\/v2\/media\/7177"}],"wp:attachment":[{"href":"https:\/\/barbosaestrutural.com.br\/index.php\/wp-json\/wp\/v2\/media?parent=7175"}],"wp:term":[{"taxonomy":"category","embeddable":true,"href":"https:\/\/barbosaestrutural.com.br\/index.php\/wp-json\/wp\/v2\/categories?post=7175"},{"taxonomy":"post_tag","embeddable":true,"href":"https:\/\/barbosaestrutural.com.br\/index.php\/wp-json\/wp\/v2\/tags?post=7175"}],"curies":[{"name":"wp","href":"https:\/\/api.w.org\/{rel}","templated":true}]}}