{"id":5957,"date":"2024-12-04T13:00:50","date_gmt":"2024-12-04T16:00:50","guid":{"rendered":"https:\/\/barbosaestrutural.com.br\/?p=5957"},"modified":"2026-04-01T14:25:51","modified_gmt":"2026-04-01T17:25:51","slug":"quem-pode-assinar-a-art-ambiental","status":"publish","type":"post","link":"https:\/\/barbosaestrutural.com.br\/quem-pode-assinar-a-art-ambiental\/","title":{"rendered":"ART Ambiental: Voc\u00ea Sabe Quem Pode Emitir? Descubra"},"content":{"rendered":"\n<h3 class=\"wp-block-heading\"><strong>O que \u00e9 a ART e por que ela existe<\/strong><\/h3>\n\n\n\n<p>A <strong>Anota\u00e7\u00e3o de Responsabilidade T\u00e9cnica (ART)<\/strong> n\u00e3o surgiu por burocracia. <strong>Na pr\u00e1tica<\/strong>, ela nasce como um mecanismo de controle, rastreabilidade e responsabiliza\u00e7\u00e3o dentro da engenharia. <strong>Ou seja<\/strong>, toda atividade t\u00e9cnica relevante precisa ter um respons\u00e1vel claramente identificado.<\/p>\n\n\n\n<p><strong>Sem isso<\/strong>, o sistema colapsa.<br>Ou seja, n\u00e3o existe engenharia s\u00e9ria sem responsabilidade definida.<\/p>\n\n\n\n<p>A ART <strong>formaliza tr\u00eas elementos essenciais<\/strong>:<\/p>\n\n\n\n<ul class=\"wp-block-list\">\n<li>Quem executa (o profissional)<\/li>\n\n\n\n<li>O que executa (a atividade t\u00e9cnica)<\/li>\n\n\n\n<li>Para quem executa (o contratante)<\/li>\n<\/ul>\n\n\n\n<p><strong>Assim<\/strong>, ela transforma um servi\u00e7o t\u00e9cnico em um compromisso legal.<\/p>\n\n\n\n<p>Sem ART, o servi\u00e7o vira opini\u00e3o.<br>Com ART, ele vira responsabilidade.<\/p>\n\n\n\n<h3 class=\"wp-block-heading\"><strong>A evolu\u00e7\u00e3o da responsabilidade t\u00e9cnica no Brasil<\/strong><\/h3>\n\n\n\n<p>Historicamente, a engenharia brasileira passou por um processo de profissionaliza\u00e7\u00e3o. Ao in\u00edcio, muitas obras eram executadas sem controle t\u00e9cnico formal. No entanto, <strong>como consequ\u00eancia<\/strong>, erros estruturais, falhas construtivas e acidentes eram tratados como fatalidade.<\/p>\n\n\n\n<p><strong>Ou seja<\/strong>, esse cen\u00e1rio mudou.<\/p>\n\n\n\n<p>Com a cria\u00e7\u00e3o do sistema CONFEA e dos CREA, o pa\u00eds passou a exigir:<\/p>\n\n\n\n<ul class=\"wp-block-list\">\n<li>Registro profissional<\/li>\n\n\n\n<li>Defini\u00e7\u00e3o de atribui\u00e7\u00f5es<\/li>\n\n\n\n<li>Responsabiliza\u00e7\u00e3o t\u00e9cnica<\/li>\n<\/ul>\n\n\n\n<p><strong>Nesse contexto<\/strong>, a ART surge como o elo entre o profissional e o servi\u00e7o.<\/p>\n\n\n\n<p>Ela n\u00e3o \u00e9 apenas um documento.<br>Ela \u00e9 um <strong>marco de responsabilidade legal<\/strong>.<\/p>\n\n\n\n<h3 class=\"wp-block-heading\"><strong>ART como instrumento jur\u00eddico (e n\u00e3o s\u00f3 t\u00e9cnico)<\/strong><\/h3>\n\n\n\n<p>Muita gente ainda trata a ART como um papel administrativo. <strong>Esse \u00e9 um erro grave<\/strong>.<\/p>\n\n\n\n<p><strong>Na pr\u00e1tica<\/strong>, a ART funciona como:<\/p>\n\n\n\n<ul class=\"wp-block-list\">\n<li>Prova t\u00e9cnica<\/li>\n\n\n\n<li>Documento jur\u00eddico<\/li>\n\n\n\n<li>Garantia de responsabilidade<\/li>\n<\/ul>\n\n\n\n<p><strong>Em caso de problema<\/strong>, ningu\u00e9m pergunta \u201cquem fez a obra\u201d.<br>Perguntam: <strong>\u201cquem assinou a ART?\u201d<\/strong><\/p>\n\n\n\n<p><strong>Portanto<\/strong>, a ART define quem responde:<\/p>\n\n\n\n<ul class=\"wp-block-list\">\n<li>Civilmente (indeniza\u00e7\u00e3o)<\/li>\n\n\n\n<li>Administrativamente (CREA)<\/li>\n\n\n\n<li>Penalmente (em casos graves)<\/li>\n<\/ul>\n\n\n\n<p><strong>Sem ART<\/strong>, o problema n\u00e3o desaparece.<br>Ele apenas <strong>fica sem respons\u00e1vel t\u00e9cnico formal<\/strong>, o que desloca a culpa para o contratante.<\/p>\n\n\n\n<h3 class=\"wp-block-heading\"><strong>O papel da ART em atividades ambientais<\/strong><\/h3>\n\n\n\n<p>Quando entramos no campo ambiental, a responsabilidade <strong>aumenta exponencialmente<\/strong>.<\/p>\n\n\n\n<p>Isso acontece porque os impactos deixam de ser apenas estruturais e passam a ser:<\/p>\n\n\n\n<ul class=\"wp-block-list\">\n<li>Ambientais<\/li>\n\n\n\n<li>Coletivos<\/li>\n\n\n\n<li>Muitas vezes irrevers\u00edveis<\/li>\n<\/ul>\n\n\n\n<p><strong>Por isso<\/strong>, a ART ambiental cumpre um papel ainda mais cr\u00edtico.<\/p>\n\n\n\n<p>Ela garante que:<\/p>\n\n\n\n<ul class=\"wp-block-list\">\n<li>Um estudo ambiental tem base t\u00e9cnica<\/li>\n\n\n\n<li>Um licenciamento tem respons\u00e1vel definido<\/li>\n\n\n\n<li>Um impacto tem autoria identific\u00e1vel<\/li>\n<\/ul>\n\n\n\n<p><strong>Al\u00e9m disso<\/strong>, em projetos como:<\/p>\n\n\n\n<ul class=\"wp-block-list\">\n<li>EIA\/RIMA<\/li>\n\n\n\n<li>Recupera\u00e7\u00e3o de \u00e1reas degradadas<\/li>\n\n\n\n<li>Monitoramento ambiental<\/li>\n<\/ul>\n\n\n\n<p>a ART <strong>funciona como blindagem jur\u00eddica<\/strong> para \u00f3rg\u00e3os p\u00fablicos e empresas.<\/p>\n\n\n\n<h3 class=\"wp-block-heading\"><strong>ART como prote\u00e7\u00e3o (para o cliente e para o profissional)<\/strong><\/h3>\n\n\n\n<p>A ART protege dois lados \u2014 <strong>e isso precisa ficar claro<\/strong>.<\/p>\n\n\n\n<h3 class=\"wp-block-heading\"><strong>Para o cliente:<\/strong><\/h3>\n\n\n\n<ul class=\"wp-block-list\">\n<li>Garante que h\u00e1 um respons\u00e1vel t\u00e9cnico<\/li>\n\n\n\n<li>Permite cobrar judicialmente<\/li>\n\n\n\n<li>Valida o servi\u00e7o perante \u00f3rg\u00e3os p\u00fablicos<\/li>\n<\/ul>\n\n\n\n<h3 class=\"wp-block-heading\"><strong>Para o profissional:<\/strong><\/h3>\n\n\n\n<ul class=\"wp-block-list\">\n<li>Define limites de atua\u00e7\u00e3o<\/li>\n\n\n\n<li>Formaliza escopo<\/li>\n\n\n\n<li>Evita responsabiliza\u00e7\u00e3o indevida<\/li>\n<\/ul>\n\n\n\n<p><strong>Sem ART<\/strong>, o cliente fica desprotegido.<br><strong>E o profissional tamb\u00e9m.<\/strong><\/p>\n\n\n\n<h3 class=\"wp-block-heading\"><strong>O impacto direto da ART em obras e laudos<\/strong><\/h3>\n\n\n\n<p>Na pr\u00e1tica do dia a dia, a diferen\u00e7a entre ter ou n\u00e3o ART \u00e9 brutal.<\/p>\n\n\n\n<p><strong>Com ART:<\/strong><\/p>\n\n\n\n<ul class=\"wp-block-list\">\n<li>O laudo tem validade<\/li>\n\n\n\n<li>A obra tem rastreabilidade<\/li>\n\n\n\n<li>O servi\u00e7o tem respaldo t\u00e9cnico<\/li>\n<\/ul>\n\n\n\n<p><strong>Sem ART:<\/strong><\/p>\n\n\n\n<ul class=\"wp-block-list\">\n<li>O documento vira opini\u00e3o<\/li>\n\n\n\n<li>A responsabilidade recai sobre o contratante<\/li>\n\n\n\n<li>O risco jur\u00eddico explode<\/li>\n<\/ul>\n\n\n\n<p><strong>Em um sinistro<\/strong>, como:<\/p>\n\n\n\n<ul class=\"wp-block-list\">\n<li>Desabamento parcial<\/li>\n\n\n\n<li>Problema ambiental<\/li>\n\n\n\n<li>Falha estrutural<\/li>\n<\/ul>\n\n\n\n<p>a ART <strong>\u00e9 o primeiro documento analisado<\/strong>.<\/p>\n\n\n\n<h3 class=\"wp-block-heading\"><strong>A diferen\u00e7a entre engenharia respons\u00e1vel e improviso<\/strong><\/h3>\n\n\n\n<p>Aqui est\u00e1 o ponto central:<\/p>\n\n\n\n<p><strong>Engenharia sem ART n\u00e3o \u00e9 engenharia. \u00c9 improviso.<\/strong><\/p>\n\n\n\n<p>Pode at\u00e9 parecer mais barato no in\u00edcio.<br>Mas, <strong>no m\u00e9dio prazo<\/strong>, o custo aparece \u2014 e geralmente vem como:<\/p>\n\n\n\n<ul class=\"wp-block-list\">\n<li>Retrabalho<\/li>\n\n\n\n<li>Processo judicial<\/li>\n\n\n\n<li>Perda patrimonial<\/li>\n<\/ul>\n\n\n\n<p><strong>Por isso<\/strong>, contratar sem ART n\u00e3o \u00e9 economia.<br>\u00c9 <strong>transfer\u00eancia de risco para voc\u00ea<\/strong>.<\/p>\n\n\n\n<h3 class=\"wp-block-heading\"><strong>A l\u00f3gica por tr\u00e1s da exig\u00eancia normativa<\/strong><\/h3>\n\n\n\n<p>A exig\u00eancia da ART n\u00e3o \u00e9 arbitr\u00e1ria.<\/p>\n\n\n\n<p>Ela segue uma l\u00f3gica simples:<\/p>\n\n\n\n<blockquote class=\"wp-block-quote is-layout-flow wp-block-quote-is-layout-flow\">\n<p><strong>Quem tem conhecimento t\u00e9cnico deve responder pelo impacto que gera.<\/strong><\/p>\n<\/blockquote>\n\n\n\n<p><strong>Portanto<\/strong>, toda atividade que:<\/p>\n\n\n\n<ul class=\"wp-block-list\">\n<li>Afeta seguran\u00e7a<\/li>\n\n\n\n<li>Impacta o meio ambiente<\/li>\n\n\n\n<li>Envolve risco estrutural<\/li>\n<\/ul>\n\n\n\n<p><strong>exige responsabilidade formal.<\/strong><\/p>\n\n\n\n<p>E essa responsabilidade se materializa na ART.<\/p>\n\n\n\n<h3 class=\"wp-block-heading\"><strong>ART e confian\u00e7a no mercado t\u00e9cnico<\/strong><\/h3>\n\n\n\n<p>A ART tamb\u00e9m cumpre um papel silencioso, mas fundamental: <strong>gerar confian\u00e7a no mercado<\/strong>.<\/p>\n\n\n\n<p>Sem ela:<\/p>\n\n\n\n<ul class=\"wp-block-list\">\n<li>N\u00e3o h\u00e1 padr\u00e3o<\/li>\n\n\n\n<li>Nem h\u00e1 rastreabilidade<\/li>\n\n\n\n<li>N\u00e3o h\u00e1 seguran\u00e7a jur\u00eddica<\/li>\n<\/ul>\n\n\n\n<p><strong>Com ela:<\/strong><\/p>\n\n\n\n<ul class=\"wp-block-list\">\n<li>O cliente confia<\/li>\n\n\n\n<li>O mercado se regula<\/li>\n\n\n\n<li>A engenharia se fortalece<\/li>\n<\/ul>\n\n\n\n<figure class=\"wp-block-image aligncenter size-large is-resized\"><img fetchpriority=\"high\" decoding=\"async\" width=\"1024\" height=\"683\" src=\"https:\/\/barbosaestrutural.com.br\/wp-content\/uploads\/2026\/01\/ART-1024x683.png\" alt=\"ART. Engenheiro anotando informa\u00e7\u00f5es em prancheta enquanto segura projeto estrutural enrolado.\" class=\"wp-image-9160\" style=\"aspect-ratio:1.4992901088499764;width:478px;height:auto\" srcset=\"https:\/\/barbosaestrutural.com.br\/wp-content\/uploads\/2026\/01\/ART-1024x683.png 1024w, https:\/\/barbosaestrutural.com.br\/wp-content\/uploads\/2026\/01\/ART-300x200.png 300w, https:\/\/barbosaestrutural.com.br\/wp-content\/uploads\/2026\/01\/ART-768x512.png 768w, https:\/\/barbosaestrutural.com.br\/wp-content\/uploads\/2026\/01\/ART.png 1536w\" sizes=\"(max-width: 1024px) 100vw, 1024px\" \/><\/figure>\n\n\n\n<h2 class=\"wp-block-heading\"><strong>O Que \u00e9 a ART Ambiental na Pr\u00e1tica<\/strong><\/h2>\n\n\n\n<h3 class=\"wp-block-heading\"><strong>Defini\u00e7\u00e3o aplicada: al\u00e9m do conceito te\u00f3rico<\/strong><\/h3>\n\n\n\n<p><strong>Na pr\u00e1tica<\/strong>, a ART ambiental n\u00e3o se limita a um conceito abstrato. <strong>Pelo contr\u00e1rio<\/strong>, ela <strong>formaliza<\/strong>, de maneira direta, a responsabilidade t\u00e9cnica em atividades que <strong>interferem no meio ambiente<\/strong>. <strong>Ou seja<\/strong>, sempre que um projeto, estudo ou interven\u00e7\u00e3o gera impacto ambiental, <strong>\u00e9 necess\u00e1rio<\/strong> vincular um profissional habilitado a essa atividade.<\/p>\n\n\n\n<p><strong>Assim<\/strong>, a ART ambiental transforma um servi\u00e7o t\u00e9cnico em um compromisso legal rastre\u00e1vel. <strong>Al\u00e9m disso<\/strong>, ela deixa claro:<\/p>\n\n\n\n<ul class=\"wp-block-list\">\n<li>Quem responde tecnicamente<\/li>\n\n\n\n<li>Qual atividade foi executada<\/li>\n\n\n\n<li>Em qual contexto ela se insere<\/li>\n<\/ul>\n\n\n\n<p><strong>Portanto<\/strong>, n\u00e3o se trata apenas de um documento. <strong>Trata-se<\/strong>, na verdade, de um instrumento de responsabiliza\u00e7\u00e3o.<\/p>\n\n\n\n<h3 class=\"wp-block-heading\"><strong>Diferen\u00e7a entre ART comum e ART ambiental<\/strong><\/h3>\n\n\n\n<p><strong>Em primeiro lugar<\/strong>, \u00e9 importante entender que toda ART segue a mesma l\u00f3gica estrutural. <strong>No entanto<\/strong>, a ART ambiental <strong>se diferencia pelo tipo de atividade registrada<\/strong>.<\/p>\n\n\n\n<p>Enquanto uma ART comum pode envolver:<\/p>\n\n\n\n<ul class=\"wp-block-list\">\n<li>Projetos estruturais<\/li>\n\n\n\n<li>Execu\u00e7\u00e3o de obras<\/li>\n\n\n\n<li>Vistorias t\u00e9cnicas<\/li>\n<\/ul>\n\n\n\n<p><strong>Por outro lado<\/strong>, a ART ambiental est\u00e1 diretamente ligada a:<\/p>\n\n\n\n<ul class=\"wp-block-list\">\n<li>Licenciamento ambiental<\/li>\n\n\n\n<li>Estudos de impacto<\/li>\n\n\n\n<li>Monitoramento de \u00e1reas<\/li>\n\n\n\n<li>Recupera\u00e7\u00e3o ambiental<\/li>\n<\/ul>\n\n\n\n<p><strong>Al\u00e9m disso<\/strong>, o n\u00edvel de responsabilidade tende a ser maior. <strong>Isso ocorre porque<\/strong>, diferentemente de uma obra isolada, o impacto ambiental pode atingir:<\/p>\n\n\n\n<ul class=\"wp-block-list\">\n<li>Ecossistemas<\/li>\n\n\n\n<li>Recursos naturais<\/li>\n\n\n\n<li>Comunidades inteiras<\/li>\n<\/ul>\n\n\n\n<p><strong>Consequentemente<\/strong>, a ART ambiental carrega um peso t\u00e9cnico e jur\u00eddico mais sens\u00edvel.<\/p>\n\n\n\n<h3 class=\"wp-block-heading\"><strong>Em quais atividades a ART ambiental \u00e9 obrigat\u00f3ria<\/strong><\/h3>\n\n\n\n<p><strong>De modo geral<\/strong>, sempre que houver impacto ambiental relevante, a ART <strong>passa a ser obrigat\u00f3ria<\/strong>. <strong>Nesse sentido<\/strong>, ela aparece em diversas frentes.<\/p>\n\n\n\n<p><strong>Entre as principais<\/strong>, destacam-se:<\/p>\n\n\n\n<ul class=\"wp-block-list\">\n<li>Licenciamento ambiental<\/li>\n\n\n\n<li>Elabora\u00e7\u00e3o de EIA\/RIMA<\/li>\n\n\n\n<li>Planos de controle ambiental (PCA)<\/li>\n\n\n\n<li>Recupera\u00e7\u00e3o de \u00e1reas degradadas (PRAD)<\/li>\n\n\n\n<li>Monitoramento de \u00e1gua, solo e ar<\/li>\n\n\n\n<li>Gest\u00e3o de res\u00edduos<\/li>\n\n\n\n<li>Projetos de sustentabilidade<\/li>\n<\/ul>\n\n\n\n<p><strong>Al\u00e9m disso<\/strong>, \u00f3rg\u00e3os ambientais frequentemente <strong>exigem<\/strong> a ART como condi\u00e7\u00e3o para aprova\u00e7\u00e3o de projetos. <strong>Ou seja<\/strong>, sem ela, o processo simplesmente n\u00e3o avan\u00e7a.<\/p>\n\n\n\n<p><strong>Portanto<\/strong>, a ART ambiental n\u00e3o \u00e9 opcional. <strong>Ela funciona como porta de entrada<\/strong> para qualquer regulariza\u00e7\u00e3o.<\/p>\n\n\n\n<h3 class=\"wp-block-heading\"><strong>Quando a ART ambiental deixa de ser burocracia e vira prote\u00e7\u00e3o<\/strong><\/h3>\n\n\n\n<p>Muitos profissionais ainda enxergam a ART como custo ou obriga\u00e7\u00e3o. <strong>No entanto<\/strong>, essa vis\u00e3o \u00e9 limitada.<\/p>\n\n\n\n<p><strong>Na pr\u00e1tica<\/strong>, a ART funciona como prote\u00e7\u00e3o em tr\u00eas n\u00edveis:<\/p>\n\n\n\n<ol class=\"wp-block-list\">\n<li><strong>Prote\u00e7\u00e3o jur\u00eddica<\/strong><br>Define quem responde em caso de dano ambiental.<\/li>\n\n\n\n<li><strong>Prote\u00e7\u00e3o t\u00e9cnica<\/strong><br>Garante que o servi\u00e7o foi executado por algu\u00e9m habilitado.<\/li>\n\n\n\n<li><strong>Prote\u00e7\u00e3o contratual<\/strong><br>Delimita escopo, evitando conflitos entre cliente e profissional.<\/li>\n<\/ol>\n\n\n\n<p><strong>Al\u00e9m disso<\/strong>, em situa\u00e7\u00f5es de fiscaliza\u00e7\u00e3o ou processo judicial, a ART <strong>passa a ser pe\u00e7a central de defesa<\/strong>. <strong>Assim<\/strong>, o que parecia burocracia <strong>se transforma em blindagem<\/strong>.<\/p>\n\n\n\n<h3 class=\"wp-block-heading\"><strong>Casos pr\u00e1ticos onde a ART ambiental faz diferen\u00e7a<\/strong><\/h3>\n\n\n\n<p><strong>Para entender de verdade<\/strong>, \u00e9 preciso sair da teoria.<\/p>\n\n\n\n<p>Imagine os seguintes cen\u00e1rios:<\/p>\n\n\n\n<p><strong>Cen\u00e1rio 1 \u2014 Licenciamento sem ART<\/strong><br>A empresa apresenta um estudo ambiental sem respons\u00e1vel t\u00e9cnico formal.<br><strong>Resultado:<\/strong> o \u00f3rg\u00e3o ambiental <strong>rejeita<\/strong> o processo.<\/p>\n\n\n\n<p><strong>Cen\u00e1rio 2 \u2014 Dano ambiental com ART<\/strong><br>Ocorre um impacto ambiental durante a execu\u00e7\u00e3o de um projeto.<br><strong>Nesse caso<\/strong>, a responsabilidade <strong>\u00e9 direcionada tecnicamente<\/strong>, evitando generaliza\u00e7\u00f5es.<\/p>\n\n\n\n<p><strong>Cen\u00e1rio 3 \u2014 Dano ambiental sem ART<\/strong><br>N\u00e3o h\u00e1 respons\u00e1vel t\u00e9cnico vinculado.<br><strong>Consequentemente<\/strong>, a empresa ou o propriet\u00e1rio <strong>assume integralmente o risco<\/strong>.<\/p>\n\n\n\n<h3 class=\"wp-block-heading\"><strong>A rela\u00e7\u00e3o entre ART ambiental e \u00f3rg\u00e3os reguladores<\/strong><\/h3>\n\n\n\n<p><strong>Al\u00e9m disso<\/strong>, a ART ambiental <strong>dialoga diretamente<\/strong> com \u00f3rg\u00e3os reguladores.<\/p>\n\n\n\n<p>Entre eles:<\/p>\n\n\n\n<ul class=\"wp-block-list\">\n<li>Secretarias de meio ambiente<\/li>\n\n\n\n<li>Ag\u00eancias ambientais estaduais<\/li>\n\n\n\n<li>\u00d3rg\u00e3os federais<\/li>\n<\/ul>\n\n\n\n<p><strong>Nessa rela\u00e7\u00e3o<\/strong>, a ART cumpre um papel fundamental:<\/p>\n\n\n\n<ul class=\"wp-block-list\">\n<li>Valida tecnicamente o documento apresentado<\/li>\n\n\n\n<li>Garante a exist\u00eancia de respons\u00e1vel<\/li>\n\n\n\n<li>Permite fiscaliza\u00e7\u00e3o e responsabiliza\u00e7\u00e3o<\/li>\n<\/ul>\n\n\n\n<p><strong>Portanto<\/strong>, sem ART, o sistema regulat\u00f3rio perde efic\u00e1cia.<\/p>\n\n\n\n<h3 class=\"wp-block-heading\"><strong>A import\u00e2ncia da compatibilidade de atribui\u00e7\u00f5es<\/strong><\/h3>\n\n\n\n<p><strong>Por outro lado<\/strong>, n\u00e3o basta emitir uma ART ambiental. <strong>\u00c9 essencial que o profissional tenha atribui\u00e7\u00e3o compat\u00edvel<\/strong>.<\/p>\n\n\n\n<p><strong>Isso significa que:<\/strong><\/p>\n\n\n\n<ul class=\"wp-block-list\">\n<li>Um engenheiro civil n\u00e3o pode assinar tudo<\/li>\n\n\n\n<li>Um bi\u00f3logo n\u00e3o cobre todas as \u00e1reas<\/li>\n\n\n\n<li>Um qu\u00edmico atua dentro de limites espec\u00edficos<\/li>\n<\/ul>\n\n\n\n<p><strong>Assim<\/strong>, a ART s\u00f3 tem validade real quando respeita as compet\u00eancias profissionais.<\/p>\n\n\n\n<p><strong>Caso contr\u00e1rio<\/strong>, o documento pode ser contestado \u2014 e at\u00e9 invalidado.<\/p>\n\n\n\n<h3 class=\"wp-block-heading\"><strong>ART ambiental como instrumento de rastreabilidade<\/strong><\/h3>\n\n\n\n<p><strong>Outro ponto cr\u00edtico<\/strong> \u00e9 a rastreabilidade.<\/p>\n\n\n\n<p><strong>Com a ART<\/strong>, \u00e9 poss\u00edvel:<\/p>\n\n\n\n<ul class=\"wp-block-list\">\n<li>Identificar o respons\u00e1vel t\u00e9cnico<\/li>\n\n\n\n<li>Verificar o escopo da atividade<\/li>\n\n\n\n<li>Acompanhar a evolu\u00e7\u00e3o do projeto<\/li>\n<\/ul>\n\n\n\n<p><strong>Sem ela<\/strong>, o hist\u00f3rico se perde.<\/p>\n\n\n\n<p><strong>Consequentemente<\/strong>, em caso de problema, surgem d\u00favidas como:<\/p>\n\n\n\n<ul class=\"wp-block-list\">\n<li>Quem executou?<\/li>\n\n\n\n<li>Algu\u00e9m aprovou?<\/li>\n\n\n\n<li>Quem responde?<\/li>\n<\/ul>\n\n\n\n<p><strong>E, nesse cen\u00e1rio<\/strong>, o risco jur\u00eddico aumenta significativamente.<\/p>\n\n\n\n<h3 class=\"wp-block-heading\"><strong>O impacto da ART ambiental no valor do servi\u00e7o<\/strong><\/h3>\n\n\n\n<p><strong>Al\u00e9m disso<\/strong>, a presen\u00e7a da ART impacta diretamente o valor percebido do servi\u00e7o.<\/p>\n\n\n\n<p><strong>Isso acontece porque:<\/strong><\/p>\n\n\n\n<ul class=\"wp-block-list\">\n<li>Existe responsabilidade envolvida<\/li>\n\n\n\n<li>H\u00e1 respaldo t\u00e9cnico<\/li>\n\n\n\n<li>O risco \u00e9 assumido formalmente<\/li>\n<\/ul>\n\n\n\n<p><strong>Portanto<\/strong>, servi\u00e7os sem ART costumam ser mais baratos \u2014 <strong>mas tamb\u00e9m mais arriscados<\/strong>.<\/p>\n\n\n\n<p><strong>Assim<\/strong>, o cliente precisa entender:<br><strong>n\u00e3o est\u00e1 pagando pelo papel, est\u00e1 pagando pela responsabilidade.<\/strong><\/p>\n\n\n\n<h2 class=\"wp-block-heading\"><strong>Quem Pode Assinar a ART Ambiental<\/strong><\/h2>\n\n\n\n<h3 class=\"wp-block-heading\"><strong>O crit\u00e9rio b\u00e1sico: forma\u00e7\u00e3o + registro profissional<\/strong><\/h3>\n\n\n\n<p>Antes de qualquer coisa, \u00e9 preciso entender um ponto central: nem todo profissional pode assinar uma ART ambiental. Para isso, \u00e9 necess\u00e1rio cumprir dois crit\u00e9rios fundamentais.<\/p>\n\n\n\n<p>Em primeiro lugar, o profissional precisa ter forma\u00e7\u00e3o t\u00e9cnica compat\u00edvel com a atividade. Al\u00e9m disso, ele deve possuir registro ativo em um conselho de classe.<\/p>\n\n\n\n<p>Sem esses dois requisitos, a ART simplesmente n\u00e3o existe do ponto de vista legal.<\/p>\n\n\n\n<p>Isso acontece porque a ART n\u00e3o valida apenas o servi\u00e7o, ela valida quem executa o servi\u00e7o. Ou seja, o sistema n\u00e3o aceita atividade t\u00e9cnica sem um respons\u00e1vel habilitado e formalmente reconhecido.<\/p>\n\n\n\n<p>Portanto, n\u00e3o basta \u201csaber fazer\u201d. \u00c9 obrigat\u00f3rio poder responder legalmente por aquilo que foi feito.<\/p>\n\n\n\n<h3 class=\"wp-block-heading\"><strong>Profissionais vinculados ao CREA<\/strong><\/h3>\n\n\n\n<p>De modo geral, a maior parte das ARTs ambientais passa pelo sistema CREA. Isso ocorre porque diversas profiss\u00f5es ligadas ao meio ambiente est\u00e3o dentro da engenharia.<\/p>\n\n\n\n<p>Entre os principais profissionais habilitados, destacam-se:<\/p>\n\n\n\n<ul class=\"wp-block-list\">\n<li>Engenheiros ambientais<\/li>\n\n\n\n<li>Engenheiros florestais<\/li>\n\n\n\n<li>Ge\u00f3grafos<\/li>\n\n\n\n<li>Engenheiros agr\u00f4nomos<\/li>\n\n\n\n<li>Engenheiros civis (dentro de suas atribui\u00e7\u00f5es)<\/li>\n<\/ul>\n\n\n\n<p>Nesse contexto, cada profissional possui um conjunto espec\u00edfico de atribui\u00e7\u00f5es definido pelo sistema CONFEA.<\/p>\n\n\n\n<p>Assim, embora todos possam emitir ART, nem todos podem atuar em qualquer tipo de atividade ambiental.<\/p>\n\n\n\n<p>Por exemplo, um engenheiro civil pode atuar em drenagem urbana ou controle de eros\u00e3o. Por outro lado, ele n\u00e3o pode assinar um plano de recupera\u00e7\u00e3o florestal complexo.<\/p>\n\n\n\n<p>Consequentemente, a validade da ART depende diretamente da compatibilidade entre forma\u00e7\u00e3o e atividade.<\/p>\n\n\n\n<h3 class=\"wp-block-heading\"><strong>Profissionais de outros conselhos (CRBio, CRQ e CAU)<\/strong><\/h3>\n\n\n\n<p>Al\u00e9m do CREA, outros conselhos tamb\u00e9m atuam em atividades ambientais. Isso amplia o campo t\u00e9cnico, mas tamb\u00e9m exige aten\u00e7\u00e3o redobrada.<\/p>\n\n\n\n<p>Entre eles:<\/p>\n\n\n\n<ul class=\"wp-block-list\">\n<li>CRBio<\/li>\n\n\n\n<li>CRQ<\/li>\n\n\n\n<li>CAU<\/li>\n<\/ul>\n\n\n\n<p>No caso dos bi\u00f3logos, a atua\u00e7\u00e3o costuma envolver estudos ambientais, fauna, flora e impacto ecol\u00f3gico. J\u00e1 os qu\u00edmicos atuam, principalmente, em an\u00e1lises de poluentes, qualidade da \u00e1gua e controle de processos qu\u00edmicos.<\/p>\n\n\n\n<p>Por outro lado, arquitetos podem atuar em projetos que envolvem o ambiente constru\u00eddo, especialmente quando h\u00e1 interface com sustentabilidade e planejamento urbano.<\/p>\n\n\n\n<p>No entanto, \u00e9 importante destacar que nem todos esses profissionais emitem ART. Arquitetos, por exemplo, emitem RRT.<\/p>\n\n\n\n<p>Mesmo assim, eles podem integrar equipes multidisciplinares em projetos ambientais, desde que respeitem suas atribui\u00e7\u00f5es.<\/p>\n\n\n\n<h3 class=\"wp-block-heading\"><strong>O limite t\u00e9cnico: atribui\u00e7\u00e3o profissional<\/strong><\/h3>\n\n\n\n<p>Aqui est\u00e1 um dos pontos mais cr\u00edticos \u2014 e mais ignorados na pr\u00e1tica.<\/p>\n\n\n\n<p>Ter registro no conselho n\u00e3o significa poder assinar qualquer coisa.<\/p>\n\n\n\n<p>Cada profiss\u00e3o possui limites definidos. Esses limites existem para garantir que apenas profissionais qualificados assumam determinadas responsabilidades.<\/p>\n\n\n\n<p>Quando um profissional ultrapassa sua atribui\u00e7\u00e3o, ele assume riscos s\u00e9rios:<\/p>\n\n\n\n<ul class=\"wp-block-list\">\n<li>Invalida\u00e7\u00e3o da ART<\/li>\n\n\n\n<li>Penalidades no conselho<\/li>\n\n\n\n<li>Responsabiliza\u00e7\u00e3o civil<\/li>\n\n\n\n<li>Perda de credibilidade<\/li>\n<\/ul>\n\n\n\n<p>Por isso, n\u00e3o basta perguntar \u201cquem pode assinar?\u201d. A pergunta correta \u00e9:<br>quem pode assinar este tipo espec\u00edfico de atividade?<\/p>\n\n\n\n<p>Esse detalhe, muitas vezes ignorado, define a seguran\u00e7a jur\u00eddica do servi\u00e7o.<\/p>\n\n\n\n<h3 class=\"wp-block-heading\"><strong>Responsabilidade ao assinar uma ART ambiental<\/strong><\/h3>\n\n\n\n<p>Ao assinar uma ART ambiental, o profissional n\u00e3o apenas registra uma atividade. Ele assume um compromisso t\u00e9cnico, legal e \u00e9tico.<\/p>\n\n\n\n<p>Isso significa que ele responde por:<\/p>\n\n\n\n<ul class=\"wp-block-list\">\n<li>Conformidade com normas ambientais<\/li>\n\n\n\n<li>Qualidade t\u00e9cnica do trabalho<\/li>\n\n\n\n<li>Impactos gerados pela atividade<\/li>\n\n\n\n<li>Limites da pr\u00f3pria atua\u00e7\u00e3o<\/li>\n<\/ul>\n\n\n\n<p>Al\u00e9m disso, em caso de problema, \u00e9 esse profissional que ser\u00e1 chamado para explicar, justificar e, se necess\u00e1rio, responder judicialmente.<\/p>\n\n\n\n<p>Por esse motivo, profissionais s\u00e9rios n\u00e3o assinam qualquer servi\u00e7o. Eles avaliam escopo, risco e compatibilidade antes de assumir a responsabilidade.<\/p>\n\n\n\n<h3 class=\"wp-block-heading\"><strong>Quem n\u00e3o pode assinar uma ART ambiental<\/strong><\/h3>\n\n\n\n<p>Assim como \u00e9 importante saber quem pode, \u00e9 essencial entender quem n\u00e3o pode.<\/p>\n\n\n\n<p>N\u00e3o podem assinar:<\/p>\n\n\n\n<ul class=\"wp-block-list\">\n<li>Profissionais sem registro em conselho<\/li>\n\n\n\n<li>Profissionais com registro irregular ou suspenso<\/li>\n\n\n\n<li>Estudantes ou rec\u00e9m-formados sem registro ativo<\/li>\n\n\n\n<li>Profissionais atuando fora de suas atribui\u00e7\u00f5es<\/li>\n<\/ul>\n\n\n\n<p>Nesses casos, qualquer documento emitido n\u00e3o possui validade t\u00e9cnica nem jur\u00eddica.<\/p>\n\n\n\n<p>Na pr\u00e1tica, isso significa que o servi\u00e7o pode at\u00e9 existir fisicamente, mas n\u00e3o existe legalmente.<\/p>\n\n\n\n<h3 class=\"wp-block-heading\"><strong>Equipes multidisciplinares e responsabilidade compartilhada<\/strong><\/h3>\n\n\n\n<p>Em projetos ambientais mais complexos, \u00e9 comum a atua\u00e7\u00e3o de equipes multidisciplinares.<\/p>\n\n\n\n<p>Nesse cen\u00e1rio, diferentes profissionais assumem diferentes partes do projeto. Cada um responde por sua \u00e1rea de atua\u00e7\u00e3o, com sua respectiva ART ou registro equivalente.<\/p>\n\n\n\n<p>Por exemplo:<\/p>\n\n\n\n<ul class=\"wp-block-list\">\n<li>Um engenheiro ambiental pode coordenar o projeto<\/li>\n\n\n\n<li>Um bi\u00f3logo pode assinar estudos de fauna<\/li>\n\n\n\n<li>Um qu\u00edmico pode validar an\u00e1lises laboratoriais<\/li>\n<\/ul>\n\n\n\n<p>Assim, o projeto se torna mais completo e tecnicamente consistente.<\/p>\n\n\n\n<p>No entanto, essa divis\u00e3o tamb\u00e9m exige organiza\u00e7\u00e3o. Cada responsabilidade precisa estar claramente definida para evitar conflitos ou lacunas.<\/p>\n\n\n\n<h3 class=\"wp-block-heading\"><strong>O erro comum na contrata\u00e7\u00e3o<\/strong><\/h3>\n\n\n\n<p>Um dos erros mais comuns ocorre quando o cliente contrata um profissional sem verificar sua atribui\u00e7\u00e3o real.<\/p>\n\n\n\n<p>Muitas vezes, o foco fica apenas no pre\u00e7o ou na rapidez. Como resultado, o servi\u00e7o \u00e9 executado por algu\u00e9m que n\u00e3o possui compet\u00eancia legal para aquela atividade.<\/p>\n\n\n\n<p>Consequentemente, surgem problemas como:<\/p>\n\n\n\n<ul class=\"wp-block-list\">\n<li>Reprova\u00e7\u00e3o em \u00f3rg\u00e3os ambientais<\/li>\n\n\n\n<li>Necessidade de refazer o trabalho<\/li>\n\n\n\n<li>Riscos jur\u00eddicos<\/li>\n\n\n\n<li>Perda financeira<\/li>\n<\/ul>\n\n\n\n<p>Esse tipo de erro poderia ser evitado com uma verifica\u00e7\u00e3o simples: conferir o registro e as atribui\u00e7\u00f5es do profissional.<\/p>\n\n\n\n<h3 class=\"wp-block-heading\"><strong>A import\u00e2ncia da valida\u00e7\u00e3o antes da contrata\u00e7\u00e3o<\/strong><\/h3>\n\n\n\n<p>Antes de contratar qualquer servi\u00e7o ambiental, \u00e9 fundamental validar tr\u00eas pontos:<\/p>\n\n\n\n<ol class=\"wp-block-list\">\n<li>Registro ativo no conselho<\/li>\n\n\n\n<li>Atribui\u00e7\u00e3o compat\u00edvel com a atividade<\/li>\n\n\n\n<li>Experi\u00eancia comprovada<\/li>\n<\/ol>\n\n\n\n<p>Al\u00e9m disso, \u00e9 recomend\u00e1vel exigir a ART como parte do contrato.<\/p>\n\n\n\n<p>Esse cuidado reduz riscos e garante que o servi\u00e7o ter\u00e1 respaldo t\u00e9cnico e jur\u00eddico.<\/p>\n\n\n\n<h2 class=\"wp-block-heading\"><strong>Limites T\u00e9cnicos: Nem Todo Profissional Pode Tudo<\/strong><\/h2>\n\n\n\n<h3 class=\"wp-block-heading\"><strong>Atribui\u00e7\u00e3o profissional: o limite invis\u00edvel que define tudo<\/strong><\/h3>\n\n\n\n<p>Antes de mais nada, existe um limite que muita gente ignora \u2014 e \u00e9 exatamente ele que define a validade de qualquer ART: <strong>a atribui\u00e7\u00e3o profissional<\/strong>.<\/p>\n\n\n\n<p>Em outras palavras, n\u00e3o basta ter diploma e registro. <strong>O profissional precisa atuar dentro daquilo que sua forma\u00e7\u00e3o permite legalmente<\/strong>.<\/p>\n\n\n\n<p>Al\u00e9m disso, cada conselho define essas atribui\u00e7\u00f5es com base em:<\/p>\n\n\n\n<ul class=\"wp-block-list\">\n<li>Grade curricular<\/li>\n\n\n\n<li>Forma\u00e7\u00e3o t\u00e9cnica<\/li>\n\n\n\n<li>Regulamenta\u00e7\u00e3o profissional<\/li>\n<\/ul>\n\n\n\n<p><strong>Portanto<\/strong>, a ART s\u00f3 tem validade real quando respeita esse limite. <strong>Caso contr\u00e1rio<\/strong>, ela pode ser questionada, contestada e at\u00e9 anulada.<\/p>\n\n\n\n<h3 class=\"wp-block-heading\"><strong>O erro mais comum: \u201cele \u00e9 engenheiro, ent\u00e3o pode\u201d<\/strong><\/h3>\n\n\n\n<p>Na pr\u00e1tica, esse \u00e9 um dos erros mais perigosos do mercado.<\/p>\n\n\n\n<p>Muitos clientes \u2014 e at\u00e9 profissionais \u2014 partem do seguinte racioc\u00ednio:<br>\u201cSe ele \u00e9 engenheiro, ele pode assinar.\u201d<\/p>\n\n\n\n<p><strong>Isso est\u00e1 errado.<\/strong><\/p>\n\n\n\n<p>Um engenheiro civil, por exemplo:<\/p>\n\n\n\n<ul class=\"wp-block-list\">\n<li>Pode atuar em estruturas, funda\u00e7\u00f5es e drenagem<\/li>\n\n\n\n<li>Mas n\u00e3o pode assumir estudos ecol\u00f3gicos complexos<\/li>\n<\/ul>\n\n\n\n<p>Da mesma forma:<\/p>\n\n\n\n<ul class=\"wp-block-list\">\n<li>Um bi\u00f3logo domina fauna e flora<\/li>\n\n\n\n<li>Mas n\u00e3o projeta sistemas estruturais<\/li>\n<\/ul>\n\n\n\n<p><strong>Ou seja<\/strong>, cada profiss\u00e3o tem um campo de atua\u00e7\u00e3o espec\u00edfico.<\/p>\n\n\n\n<p>Ignorar isso <strong>n\u00e3o simplifica o processo \u2014 compromete a validade t\u00e9cnica e jur\u00eddica do servi\u00e7o<\/strong>.<\/p>\n\n\n\n<h3 class=\"wp-block-heading\"><strong>O que acontece quando o profissional ultrapassa sua atribui\u00e7\u00e3o<\/strong><\/h3>\n\n\n\n<p>Quando um profissional atua fora da sua compet\u00eancia, o problema n\u00e3o \u00e9 te\u00f3rico. <strong>Ele aparece na pr\u00e1tica \u2014 e geralmente da pior forma poss\u00edvel<\/strong>.<\/p>\n\n\n\n<p>Entre as consequ\u00eancias mais comuns:<\/p>\n\n\n\n<ul class=\"wp-block-list\">\n<li><strong>Invalida\u00e7\u00e3o da ART<\/strong><\/li>\n\n\n\n<li><strong>Rejei\u00e7\u00e3o por \u00f3rg\u00e3os ambientais<\/strong><\/li>\n\n\n\n<li><strong>Multas e penalidades no conselho profissional<\/strong><\/li>\n\n\n\n<li><strong>Responsabiliza\u00e7\u00e3o civil em caso de dano<\/strong><\/li>\n<\/ul>\n\n\n\n<p>Al\u00e9m disso, em situa\u00e7\u00f5es mais graves, pode haver:<\/p>\n\n\n\n<ul class=\"wp-block-list\">\n<li>Abertura de processo \u00e9tico<\/li>\n\n\n\n<li>Suspens\u00e3o do registro<\/li>\n\n\n\n<li>Perda de credibilidade no mercado<\/li>\n<\/ul>\n\n\n\n<p><strong>Portanto<\/strong>, ultrapassar atribui\u00e7\u00e3o n\u00e3o \u00e9 um detalhe t\u00e9cnico. <strong>\u00c9 um risco jur\u00eddico direto<\/strong>.<\/p>\n\n\n\n<h3 class=\"wp-block-heading\"><strong>Casos reais: quando o erro vira preju\u00edzo<\/strong><\/h3>\n\n\n\n<p>Para entender o impacto, vale observar situa\u00e7\u00f5es comuns do mercado.<\/p>\n\n\n\n<p><strong>Cen\u00e1rio 1 \u2014 Laudo ambiental recusado<\/strong><br>Um profissional sem atribui\u00e7\u00e3o adequada assina o estudo.<br><strong>Resultado:<\/strong> o \u00f3rg\u00e3o ambiental rejeita o documento.<\/p>\n\n\n\n<p><strong>Cen\u00e1rio 2 \u2014 Projeto aprovado e depois questionado<\/strong><br>A ART existe, mas n\u00e3o corresponde \u00e0 compet\u00eancia do profissional.<br><strong>Consequ\u00eancia:<\/strong> o projeto pode ser invalidado posteriormente.<\/p>\n\n\n\n<p><strong>Cen\u00e1rio 3 \u2014 Dano ambiental com respons\u00e1vel inadequado<\/strong><br>Ocorre um problema e a per\u00edcia identifica incompatibilidade t\u00e9cnica.<br><strong>Resultado:<\/strong> a responsabilidade recai sobre o contratante e o profissional.<\/p>\n\n\n\n<p><strong>Ou seja<\/strong>, o erro n\u00e3o aparece no in\u00edcio. <strong>Ele aparece quando o risco j\u00e1 virou problema<\/strong>.<\/p>\n\n\n\n<h3 class=\"wp-block-heading\"><strong>Responsabilidade compartilhada: cuidado com a \u201czona cinzenta\u201d<\/strong><\/h3>\n\n\n\n<p>Em projetos mais complexos, diferentes profissionais atuam juntos. <strong>Nesse contexto<\/strong>, surge um ponto cr\u00edtico: a responsabilidade compartilhada.<\/p>\n\n\n\n<p>De um lado, isso \u00e9 positivo.<br>Por outro, pode gerar confus\u00e3o.<\/p>\n\n\n\n<p><strong>Por isso<\/strong>, \u00e9 essencial que:<\/p>\n\n\n\n<ul class=\"wp-block-list\">\n<li>A cada profissional assuma sua parte<\/li>\n\n\n\n<li>Cada atividade tenha respons\u00e1vel definido<\/li>\n\n\n\n<li>Cada ART corresponda a uma atribui\u00e7\u00e3o real<\/li>\n<\/ul>\n\n\n\n<p><strong>Caso contr\u00e1rio<\/strong>, cria-se uma \u201czona cinzenta\u201d onde ningu\u00e9m responde claramente \u2014 e, no final, todos respondem.<\/p>\n\n\n\n<h3 class=\"wp-block-heading\"><strong>A falsa economia que vira retrabalho<\/strong><\/h3>\n\n\n\n<p>Muitas vezes, a escolha de um profissional inadequado acontece por custo.<\/p>\n\n\n\n<p>O servi\u00e7o parece mais barato.<br>A execu\u00e7\u00e3o parece mais r\u00e1pida.<\/p>\n\n\n\n<p><strong>No entanto<\/strong>, essa economia \u00e9 ilus\u00f3ria.<\/p>\n\n\n\n<p>Quando o erro aparece:<\/p>\n\n\n\n<ul class=\"wp-block-list\">\n<li>O projeto precisa ser refeito<\/li>\n\n\n\n<li>Um novo profissional precisa ser contratado<\/li>\n\n\n\n<li>O processo volta ao in\u00edcio<\/li>\n<\/ul>\n\n\n\n<p><strong>Ou seja<\/strong>, o barato sai caro \u2014 e, nesse caso, com risco jur\u00eddico envolvido.<\/p>\n\n\n\n<h3 class=\"wp-block-heading\"><strong>Como os conselhos profissionais fiscalizam<\/strong><\/h3>\n\n\n\n<p>Al\u00e9m disso, os conselhos profissionais atuam diretamente na fiscaliza\u00e7\u00e3o dessas situa\u00e7\u00f5es.<\/p>\n\n\n\n<p>Eles podem:<\/p>\n\n\n\n<ul class=\"wp-block-list\">\n<li>Analisar ARTs emitidas<\/li>\n\n\n\n<li>Verificar compatibilidade de atribui\u00e7\u00f5es<\/li>\n\n\n\n<li>Aplicar penalidades<\/li>\n<\/ul>\n\n\n\n<p><strong>Consequentemente<\/strong>, um profissional que atua fora do seu limite pode ser formalmente punido.<\/p>\n\n\n\n<p>E mais: essa fiscaliza\u00e7\u00e3o pode acontecer:<\/p>\n\n\n\n<ul class=\"wp-block-list\">\n<li>Por den\u00fancia<\/li>\n\n\n\n<li>Por auditoria<\/li>\n\n\n\n<li>Ou ap\u00f3s um problema t\u00e9cnico<\/li>\n<\/ul>\n\n\n\n<p><strong>Portanto<\/strong>, n\u00e3o \u00e9 uma quest\u00e3o de \u201cse vai acontecer\u201d. <strong>\u00c9 quando vai acontecer<\/strong>.<\/p>\n\n\n\n<h3 class=\"wp-block-heading\"><strong>A import\u00e2ncia de validar antes de contratar<\/strong><\/h3>\n\n\n\n<p>Diante disso, o contratante precisa mudar o foco.<\/p>\n\n\n\n<p>N\u00e3o basta perguntar:<\/p>\n\n\n\n<ul class=\"wp-block-list\">\n<li>\u201cEle faz esse servi\u00e7o?\u201d<\/li>\n<\/ul>\n\n\n\n<p>\u00c9 preciso perguntar:<\/p>\n\n\n\n<ul class=\"wp-block-list\">\n<li><strong>\u201cEle pode legalmente fazer esse servi\u00e7o?\u201d<\/strong><\/li>\n<\/ul>\n\n\n\n<p>Para isso, \u00e9 essencial verificar:<\/p>\n\n\n\n<ul class=\"wp-block-list\">\n<li>Registro no conselho<\/li>\n\n\n\n<li>Atribui\u00e7\u00f5es profissionais<\/li>\n\n\n\n<li>Hist\u00f3rico de atua\u00e7\u00e3o<\/li>\n<\/ul>\n\n\n\n<p><strong>Esse cuidado simples evita problemas complexos.<\/strong><\/p>\n\n\n\n<h3 class=\"wp-block-heading\"><strong>Engenharia s\u00e9ria respeita limites<\/strong><\/h3>\n\n\n\n<p>Profissionais s\u00e9rios sabem dizer \u201cn\u00e3o\u201d.<\/p>\n\n\n\n<p>Eles recusam servi\u00e7os fora da sua compet\u00eancia.<br>Tamb\u00e9m delimitam escopo.<br>Eles protegem o cliente \u2014 e a si mesmos.<\/p>\n\n\n\n<p><strong>Isso n\u00e3o \u00e9 limita\u00e7\u00e3o. \u00c9 profissionalismo.<\/strong><\/p>\n\n\n\n<p>Por outro lado, quem aceita qualquer servi\u00e7o:<\/p>\n\n\n\n<ul class=\"wp-block-list\">\n<li>Assume riscos desnecess\u00e1rios<\/li>\n\n\n\n<li>Compromete o resultado<\/li>\n\n\n\n<li>Fragiliza o projeto<\/li>\n<\/ul>\n\n\n\n<p><strong>Portanto<\/strong>, respeitar limites n\u00e3o reduz capacidade. <strong>Aumenta confiabilidade<\/strong>.<\/p>\n\n\n\n<h2 class=\"wp-block-heading\"><strong>Responsabilidade Civil, Penal e T\u00e9cnica<\/strong><\/h2>\n\n\n\n<h3 class=\"wp-block-heading\"><strong>Assinar uma ART \u00e9 assumir responsabilidade real<\/strong><\/h3>\n\n\n\n<p>Antes de tudo, \u00e9 preciso deixar algo claro: <strong>assinar uma ART n\u00e3o \u00e9 um ato burocr\u00e1tico \u2014 \u00e9 um ato de responsabilidade legal<\/strong>.<\/p>\n\n\n\n<p>Na pr\u00e1tica, quando o profissional registra a ART, ele <strong>assume formalmente a autoria t\u00e9cnica<\/strong> daquele servi\u00e7o. <strong>Ou seja<\/strong>, ele passa a responder por decis\u00f5es, m\u00e9todos e resultados.<\/p>\n\n\n\n<p>Al\u00e9m disso, essa responsabilidade n\u00e3o se limita ao momento da execu\u00e7\u00e3o. <strong>Ela se estende no tempo<\/strong>, especialmente quando o servi\u00e7o envolve riscos estruturais ou ambientais.<\/p>\n\n\n\n<p><strong>Portanto<\/strong>, a assinatura da ART representa um compromisso que vai muito al\u00e9m do papel.<\/p>\n\n\n\n<h3 class=\"wp-block-heading\"><strong>Responsabilidade civil: o dever de reparar danos<\/strong><\/h3>\n\n\n\n<p>Em primeiro lugar, existe a responsabilidade civil.<\/p>\n\n\n\n<p>Ela ocorre quando um erro t\u00e9cnico gera preju\u00edzo a terceiros. <strong>Nesse caso<\/strong>, o profissional pode ser obrigado a reparar o dano \u2014 geralmente por meio de indeniza\u00e7\u00e3o.<\/p>\n\n\n\n<p>Isso inclui situa\u00e7\u00f5es como:<\/p>\n\n\n\n<ul class=\"wp-block-list\">\n<li>Falhas em projetos<\/li>\n\n\n\n<li>Erros de execu\u00e7\u00e3o<\/li>\n\n\n\n<li>Diagn\u00f3sticos incorretos<\/li>\n\n\n\n<li>Omiss\u00e3o de problemas relevantes<\/li>\n<\/ul>\n\n\n\n<p><strong>Al\u00e9m disso<\/strong>, a responsabilidade civil tamb\u00e9m pode atingir:<\/p>\n\n\n\n<ul class=\"wp-block-list\">\n<li>Empresas contratantes<\/li>\n\n\n\n<li>S\u00edndicos<\/li>\n\n\n\n<li>Propriet\u00e1rios<\/li>\n<\/ul>\n\n\n\n<p><strong>Consequentemente<\/strong>, quando n\u00e3o h\u00e1 ART ou quando ela \u00e9 inadequada, o risco pode recair diretamente sobre o cliente.<\/p>\n\n\n\n<p><strong>Ou seja<\/strong>, a aus\u00eancia de responsabilidade t\u00e9cnica n\u00e3o elimina o problema \u2014 apenas transfere a responsabilidade.<\/p>\n\n\n\n<h3 class=\"wp-block-heading\"><strong>Responsabilidade t\u00e9cnica: v\u00ednculo com o conselho profissional<\/strong><\/h3>\n\n\n\n<p>Al\u00e9m da esfera civil, existe a responsabilidade t\u00e9cnica perante o conselho de classe.<\/p>\n\n\n\n<p>Nesse contexto, o profissional responde ao CREA (ou outro conselho equivalente), que pode:<\/p>\n\n\n\n<ul class=\"wp-block-list\">\n<li>Avaliar a conduta t\u00e9cnica<\/li>\n\n\n\n<li>Investigar irregularidades<\/li>\n\n\n\n<li>Aplicar san\u00e7\u00f5es<\/li>\n<\/ul>\n\n\n\n<p>Entre as penalidades poss\u00edveis, destacam-se:<\/p>\n\n\n\n<ul class=\"wp-block-list\">\n<li>Advert\u00eancia<\/li>\n\n\n\n<li>Multa<\/li>\n\n\n\n<li>Suspens\u00e3o do registro<\/li>\n\n\n\n<li>Cassa\u00e7\u00e3o profissional<\/li>\n<\/ul>\n\n\n\n<p><strong>Portanto<\/strong>, n\u00e3o se trata apenas de responder ao cliente. <strong>O profissional tamb\u00e9m responde \u00e0 pr\u00f3pria categoria<\/strong>.<\/p>\n\n\n\n<p>Al\u00e9m disso, essa responsabiliza\u00e7\u00e3o pode ocorrer mesmo sem dano direto, apenas pela m\u00e1 pr\u00e1tica.<\/p>\n\n\n\n<h3 class=\"wp-block-heading\"><strong>Responsabilidade penal: quando o erro vira crime<\/strong><\/h3>\n\n\n\n<p>Em situa\u00e7\u00f5es mais graves, a responsabilidade ultrapassa o campo civil e administrativo. <strong>Nesse caso<\/strong>, entra a esfera penal.<\/p>\n\n\n\n<p>Isso acontece quando h\u00e1:<\/p>\n\n\n\n<ul class=\"wp-block-list\">\n<li>Risco \u00e0 vida<\/li>\n\n\n\n<li>Dano ambiental relevante<\/li>\n\n\n\n<li>Neglig\u00eancia grave<\/li>\n\n\n\n<li>Imper\u00edcia comprovada<\/li>\n<\/ul>\n\n\n\n<p><strong>Nessas condi\u00e7\u00f5es<\/strong>, o profissional pode responder criminalmente.<\/p>\n\n\n\n<p><strong>Ou seja<\/strong>, a discuss\u00e3o deixa de ser t\u00e9cnica e passa a ser jur\u00eddica, com possibilidade de:<\/p>\n\n\n\n<ul class=\"wp-block-list\">\n<li>Processo criminal<\/li>\n\n\n\n<li>Condena\u00e7\u00e3o<\/li>\n\n\n\n<li>Penalidades legais<\/li>\n<\/ul>\n\n\n\n<p>Al\u00e9m disso, dependendo do caso, outras partes tamb\u00e9m podem ser responsabilizadas.<\/p>\n\n\n\n<p><strong>Portanto<\/strong>, a ART n\u00e3o apenas identifica o respons\u00e1vel \u2014 <strong>ela define quem pode responder criminalmente<\/strong>.<\/p>\n\n\n\n<h3 class=\"wp-block-heading\"><strong>O papel da ART em casos de sinistro<\/strong><\/h3>\n\n\n\n<p>Quando ocorre um problema \u2014 como um colapso estrutural ou dano ambiental \u2014 o processo de investiga\u00e7\u00e3o segue um padr\u00e3o.<\/p>\n\n\n\n<p>E, nesse processo, a primeira pergunta costuma ser:<br><strong>\u201cQuem \u00e9 o respons\u00e1vel t\u00e9cnico?\u201d<\/strong><\/p>\n\n\n\n<p>A resposta vem da ART.<\/p>\n\n\n\n<p><strong>Por isso<\/strong>, ela se torna o primeiro documento analisado em:<\/p>\n\n\n\n<ul class=\"wp-block-list\">\n<li>Per\u00edcias t\u00e9cnicas<\/li>\n\n\n\n<li>Processos judiciais<\/li>\n\n\n\n<li>Acionamento de seguros<\/li>\n<\/ul>\n\n\n\n<p><strong>Al\u00e9m disso<\/strong>, a ART ajuda a:<\/p>\n\n\n\n<ul class=\"wp-block-list\">\n<li>Delimitar responsabilidades<\/li>\n\n\n\n<li>Identificar falhas<\/li>\n\n\n\n<li>Direcionar investiga\u00e7\u00f5es<\/li>\n<\/ul>\n\n\n\n<p><strong>Sem ela<\/strong>, o cen\u00e1rio se torna mais complexo \u2014 e mais arriscado para todos os envolvidos.<\/p>\n\n\n\n<h3 class=\"wp-block-heading\"><strong>Rela\u00e7\u00e3o com seguradoras e cobertura de riscos<\/strong><\/h3>\n\n\n\n<p>Outro ponto cr\u00edtico envolve seguros.<\/p>\n\n\n\n<p>Em muitos casos, seguradoras exigem comprova\u00e7\u00e3o de responsabilidade t\u00e9cnica para validar cobertura.<\/p>\n\n\n\n<p><strong>Ou seja<\/strong>, sem ART:<\/p>\n\n\n\n<ul class=\"wp-block-list\">\n<li>O seguro pode ser negado<\/li>\n\n\n\n<li>A cobertura pode ser reduzida<\/li>\n\n\n\n<li>O processo pode se complicar<\/li>\n<\/ul>\n\n\n\n<p>Al\u00e9m disso, mesmo quando h\u00e1 ART, ela precisa estar correta e compat\u00edvel com a atividade.<\/p>\n\n\n\n<p><strong>Caso contr\u00e1rio<\/strong>, a seguradora pode alegar irregularidade e recusar o pagamento.<\/p>\n\n\n\n<p><strong>Portanto<\/strong>, a ART n\u00e3o protege apenas tecnicamente \u2014 <strong>ela tamb\u00e9m influencia diretamente a prote\u00e7\u00e3o financeira<\/strong>.<\/p>\n\n\n\n<h3 class=\"wp-block-heading\"><strong>A responsabilidade do contratante tamb\u00e9m existe<\/strong><\/h3>\n\n\n\n<p>Muitos acreditam que apenas o profissional assume riscos. <strong>No entanto<\/strong>, isso n\u00e3o \u00e9 totalmente verdade.<\/p>\n\n\n\n<p>O contratante tamb\u00e9m possui responsabilidade, especialmente quando:<\/p>\n\n\n\n<ul class=\"wp-block-list\">\n<li>Contrata profissional sem qualifica\u00e7\u00e3o<\/li>\n\n\n\n<li>Aceita servi\u00e7o sem ART<\/li>\n\n\n\n<li>Ignora exig\u00eancias t\u00e9cnicas<\/li>\n<\/ul>\n\n\n\n<p><strong>Nesse contexto<\/strong>, a justi\u00e7a pode entender que houve neglig\u00eancia.<\/p>\n\n\n\n<p><strong>Consequentemente<\/strong>, o cliente pode responder junto com o profissional \u2014 ou at\u00e9 sozinho, em casos sem ART.<\/p>\n\n\n\n<p><strong>Ou seja<\/strong>, contratar errado tamb\u00e9m gera responsabilidade.<\/p>\n\n\n\n<h3 class=\"wp-block-heading\"><strong>O erro comum: subestimar o impacto da assinatura<\/strong><\/h3>\n\n\n\n<p>Na pr\u00e1tica, um dos erros mais comuns \u00e9 tratar a assinatura da ART como formalidade.<\/p>\n\n\n\n<p>Profissionais assinam sem analisar profundamente.<br>Clientes aceitam sem verificar.<\/p>\n\n\n\n<p><strong>Esse comportamento cria um risco silencioso.<\/strong><\/p>\n\n\n\n<p>Porque, quando tudo est\u00e1 funcionando, nada acontece.<br><strong>Mas, quando algo d\u00e1 errado, a ART vira o centro do problema.<\/strong><\/p>\n\n\n\n<h3 class=\"wp-block-heading\"><strong>Engenharia respons\u00e1vel vs risco assumido<\/strong><\/h3>\n\n\n\n<p>Existe uma diferen\u00e7a clara entre dois cen\u00e1rios:<\/p>\n\n\n\n<p><strong>Engenharia respons\u00e1vel:<\/strong><\/p>\n\n\n\n<ul class=\"wp-block-list\">\n<li>ART emitida corretamente<\/li>\n\n\n\n<li>Profissional qualificado<\/li>\n\n\n\n<li>Escopo bem definido<\/li>\n<\/ul>\n\n\n\n<p><strong>Risco assumido:<\/strong><\/p>\n\n\n\n<ul class=\"wp-block-list\">\n<li>Aus\u00eancia de ART<\/li>\n\n\n\n<li>Profissional inadequado<\/li>\n\n\n\n<li>Falta de controle t\u00e9cnico<\/li>\n<\/ul>\n\n\n\n<p><strong>Portanto<\/strong>, a escolha n\u00e3o \u00e9 apenas t\u00e9cnica. <strong>Ela \u00e9 estrat\u00e9gica<\/strong>.<\/p>\n\n\n\n<p>Voc\u00ea decide entre:<\/p>\n\n\n\n<ul class=\"wp-block-list\">\n<li>Seguran\u00e7a jur\u00eddica<br>ou<\/li>\n\n\n\n<li>Exposi\u00e7\u00e3o ao risco<\/li>\n<\/ul>\n\n\n\n<h2 class=\"wp-block-heading\"><strong>O Que Acontece Sem ART<\/strong><\/h2>\n\n\n\n<h3 class=\"wp-block-heading\"><strong>Sem ART, o servi\u00e7o existe fisicamente, mas n\u00e3o existe legalmente<\/strong><\/h3>\n\n\n\n<p>Antes de mais nada, \u00e9 preciso entender um ponto cr\u00edtico: <strong>sem ART, o servi\u00e7o pode at\u00e9 existir na pr\u00e1tica, mas n\u00e3o existe do ponto de vista legal<\/strong>.<\/p>\n\n\n\n<p>Ou seja, a obra pode ter sido executada, o laudo pode ter sido entregue, o estudo pode at\u00e9 parecer completo. <strong>No entanto<\/strong>, sem a ART, n\u00e3o h\u00e1 v\u00ednculo formal entre o profissional e aquela atividade.<\/p>\n\n\n\n<p><strong>Consequentemente<\/strong>, ningu\u00e9m responde tecnicamente por aquilo.<\/p>\n\n\n\n<p>Al\u00e9m disso, isso significa que:<\/p>\n\n\n\n<ul class=\"wp-block-list\">\n<li>N\u00e3o h\u00e1 respons\u00e1vel identificado<\/li>\n\n\n\n<li>Nem h\u00e1 garantia t\u00e9cnica formal<\/li>\n\n\n\n<li>N\u00e3o h\u00e1 respaldo jur\u00eddico<\/li>\n<\/ul>\n\n\n\n<p><strong>Portanto<\/strong>, o servi\u00e7o perde validade perante \u00f3rg\u00e3os, justi\u00e7a e mercado.<\/p>\n\n\n\n<h3 class=\"wp-block-heading\"><strong>Laudo sem ART: um documento sem valor jur\u00eddico<\/strong><\/h3>\n\n\n\n<p>Em seguida, quando falamos de laudos t\u00e9cnicos, a situa\u00e7\u00e3o fica ainda mais clara.<\/p>\n\n\n\n<p>Um laudo sem ART:<\/p>\n\n\n\n<ul class=\"wp-block-list\">\n<li>N\u00e3o possui validade legal<\/li>\n\n\n\n<li>N\u00e3o serve como prova t\u00e9cnica<\/li>\n\n\n\n<li>Pode ser desconsiderado em processos<\/li>\n<\/ul>\n\n\n\n<p><strong>Ou seja<\/strong>, ele se torna apenas um parecer informal.<\/p>\n\n\n\n<p>Al\u00e9m disso, em situa\u00e7\u00f5es como:<\/p>\n\n\n\n<ul class=\"wp-block-list\">\n<li>Disputas judiciais<\/li>\n\n\n\n<li>Problemas estruturais<\/li>\n\n\n\n<li>Danos ambientais<\/li>\n<\/ul>\n\n\n\n<p><strong>esse tipo de documento simplesmente n\u00e3o sustenta uma defesa<\/strong>.<\/p>\n\n\n\n<p><strong>Portanto<\/strong>, confiar em um laudo sem ART \u00e9 assumir que, no momento mais cr\u00edtico, ele n\u00e3o ter\u00e1 utilidade.<\/p>\n\n\n\n<h3 class=\"wp-block-heading\"><strong>O risco direto para o contratante<\/strong><\/h3>\n\n\n\n<p>Muitos acreditam que a aus\u00eancia de ART prejudica apenas o profissional. <strong>No entanto<\/strong>, na pr\u00e1tica, o maior impacto costuma cair sobre o contratante.<\/p>\n\n\n\n<p>Isso acontece porque, sem respons\u00e1vel t\u00e9cnico formal:<\/p>\n\n\n\n<ul class=\"wp-block-list\">\n<li>A responsabilidade n\u00e3o desaparece<\/li>\n\n\n\n<li>Ela apenas muda de lugar<\/li>\n<\/ul>\n\n\n\n<p><strong>E esse lugar, geralmente, \u00e9 o cliente.<\/strong><\/p>\n\n\n\n<p>Consequentemente, em caso de problema:<\/p>\n\n\n\n<ul class=\"wp-block-list\">\n<li>O propriet\u00e1rio responde<\/li>\n\n\n\n<li>O s\u00edndico responde<\/li>\n\n\n\n<li>A empresa responde<\/li>\n<\/ul>\n\n\n\n<p><strong>Ou seja<\/strong>, quem contratou assume o risco integral.<\/p>\n\n\n\n<h3 class=\"wp-block-heading\"><strong>Problemas com \u00f3rg\u00e3os p\u00fablicos e licenciamento<\/strong><\/h3>\n\n\n\n<p>Al\u00e9m disso, a aus\u00eancia de ART bloqueia processos administrativos.<\/p>\n\n\n\n<p>Em atividades ambientais, por exemplo:<\/p>\n\n\n\n<ul class=\"wp-block-list\">\n<li>O licenciamento pode ser negado<\/li>\n\n\n\n<li>Processo pode ser suspenso<\/li>\n\n\n\n<li>O projeto pode ser invalidado<\/li>\n<\/ul>\n\n\n\n<p><strong>Isso acontece porque os \u00f3rg\u00e3os exigem responsabilidade t\u00e9cnica formal.<\/strong><\/p>\n\n\n\n<p>Sem ART:<\/p>\n\n\n\n<ul class=\"wp-block-list\">\n<li>N\u00e3o h\u00e1 valida\u00e7\u00e3o<\/li>\n\n\n\n<li>N\u00e3o h\u00e1 aprova\u00e7\u00e3o<\/li>\n\n\n\n<li>Nem h\u00e1 continuidade<\/li>\n<\/ul>\n\n\n\n<p><strong>Portanto<\/strong>, o projeto para \u2014 e o preju\u00edzo come\u00e7a.<\/p>\n\n\n\n<h3 class=\"wp-block-heading\"><strong>O impacto em seguros e cobertura de sinistros<\/strong><\/h3>\n\n\n\n<p>Outro ponto cr\u00edtico envolve seguradoras.<\/p>\n\n\n\n<p>Em muitos casos, para acionar um seguro, \u00e9 necess\u00e1rio comprovar:<\/p>\n\n\n\n<ul class=\"wp-block-list\">\n<li>Responsabilidade t\u00e9cnica<\/li>\n\n\n\n<li>Regularidade do servi\u00e7o<\/li>\n\n\n\n<li>Conformidade com normas<\/li>\n<\/ul>\n\n\n\n<p><strong>Sem ART, essa comprova\u00e7\u00e3o n\u00e3o existe.<\/strong><\/p>\n\n\n\n<p>Consequentemente:<\/p>\n\n\n\n<ul class=\"wp-block-list\">\n<li>O seguro pode ser negado<\/li>\n\n\n\n<li>A indeniza\u00e7\u00e3o pode n\u00e3o ocorrer<\/li>\n\n\n\n<li>O preju\u00edzo recai integralmente sobre o cliente<\/li>\n<\/ul>\n\n\n\n<p><strong>Ou seja<\/strong>, a aus\u00eancia de ART pode transformar um problema t\u00e9cnico em um preju\u00edzo financeiro total.<\/p>\n\n\n\n<h3 class=\"wp-block-heading\"><strong>Quando o problema vira processo judicial<\/strong><\/h3>\n\n\n\n<p>Quando ocorre um dano \u2014 estrutural, ambiental ou patrimonial \u2014 o cen\u00e1rio evolui rapidamente.<\/p>\n\n\n\n<p>Nesse momento, entram:<\/p>\n\n\n\n<ul class=\"wp-block-list\">\n<li>Per\u00edcias t\u00e9cnicas<\/li>\n\n\n\n<li>Advogados<\/li>\n\n\n\n<li>Processos judiciais<\/li>\n<\/ul>\n\n\n\n<p>E, inevitavelmente, surge a pergunta:<br><strong>\u201cOnde est\u00e1 a ART?\u201d<\/strong><\/p>\n\n\n\n<p>Se ela n\u00e3o existir:<\/p>\n\n\n\n<ul class=\"wp-block-list\">\n<li>N\u00e3o h\u00e1 respons\u00e1vel t\u00e9cnico definido<\/li>\n\n\n\n<li>Nem h\u00e1 base de defesa estruturada<\/li>\n\n\n\n<li>N\u00e3o h\u00e1 prote\u00e7\u00e3o jur\u00eddica<\/li>\n<\/ul>\n\n\n\n<p><strong>Consequentemente<\/strong>, o contratante fica exposto.<\/p>\n\n\n\n<h3 class=\"wp-block-heading\"><strong>A falsa economia que vira preju\u00edzo<\/strong><\/h3>\n\n\n\n<p>Muitas vezes, a decis\u00e3o de n\u00e3o emitir ART nasce de uma tentativa de economia.<\/p>\n\n\n\n<p>O servi\u00e7o fica mais barato.<br>O processo parece mais simples.<\/p>\n\n\n\n<p><strong>No entanto<\/strong>, essa economia \u00e9 ilus\u00f3ria.<\/p>\n\n\n\n<p>Quando surge um problema:<\/p>\n\n\n\n<ul class=\"wp-block-list\">\n<li>O custo de corre\u00e7\u00e3o \u00e9 maior<\/li>\n\n\n\n<li>O servi\u00e7o precisa ser refeito<\/li>\n\n\n\n<li>O risco jur\u00eddico aparece<\/li>\n<\/ul>\n\n\n\n<p><strong>Ou seja<\/strong>, o barato sai caro \u2014 e com juros altos.<\/p>\n\n\n\n<h3 class=\"wp-block-heading\"><strong>A perda de rastreabilidade t\u00e9cnica<\/strong><\/h3>\n\n\n\n<p>Outro efeito direto da aus\u00eancia de ART \u00e9 a perda de controle.<\/p>\n\n\n\n<p>Sem ART, n\u00e3o \u00e9 poss\u00edvel:<\/p>\n\n\n\n<ul class=\"wp-block-list\">\n<li>Identificar quem executou<\/li>\n\n\n\n<li>Verificar o escopo do servi\u00e7o<\/li>\n\n\n\n<li>Rastrear decis\u00f5es t\u00e9cnicas<\/li>\n<\/ul>\n\n\n\n<p><strong>Consequentemente<\/strong>, em caso de falha:<\/p>\n\n\n\n<ul class=\"wp-block-list\">\n<li>A investiga\u00e7\u00e3o se torna mais dif\u00edcil<\/li>\n\n\n\n<li>A solu\u00e7\u00e3o demora mais<\/li>\n\n\n\n<li>O risco aumenta<\/li>\n<\/ul>\n\n\n\n<p><strong>Portanto<\/strong>, a ART n\u00e3o serve apenas para responsabilizar \u2014 <strong>ela organiza o hist\u00f3rico t\u00e9cnico<\/strong>.<\/p>\n\n\n\n<h3 class=\"wp-block-heading\"><strong>O impacto na valoriza\u00e7\u00e3o do im\u00f3vel ou ativo<\/strong><\/h3>\n\n\n\n<p>Al\u00e9m disso, a aus\u00eancia de ART pode afetar diretamente o valor do im\u00f3vel ou empreendimento.<\/p>\n\n\n\n<p>Isso acontece porque:<\/p>\n\n\n\n<ul class=\"wp-block-list\">\n<li>N\u00e3o h\u00e1 comprova\u00e7\u00e3o t\u00e9cnica das interven\u00e7\u00f5es<\/li>\n\n\n\n<li>Nem h\u00e1 garantia de conformidade<\/li>\n\n\n\n<li>N\u00e3o h\u00e1 hist\u00f3rico confi\u00e1vel<\/li>\n<\/ul>\n\n\n\n<p><strong>Consequentemente<\/strong>, em uma venda ou avalia\u00e7\u00e3o:<\/p>\n\n\n\n<ul class=\"wp-block-list\">\n<li>O im\u00f3vel pode ser desvalorizado<\/li>\n\n\n\n<li>O comprador pode exigir regulariza\u00e7\u00e3o<\/li>\n\n\n\n<li>O neg\u00f3cio pode travar<\/li>\n<\/ul>\n\n\n\n<p><strong>Ou seja<\/strong>, o problema deixa de ser t\u00e9cnico e passa a ser financeiro.<\/p>\n\n\n\n<h2 class=\"wp-block-heading\"><strong>ART vs RRT: Diferen\u00e7as Cr\u00edticas<\/strong><\/h2>\n\n\n\n<h3 class=\"wp-block-heading\"><strong>O que s\u00e3o ART e RRT, afinal<\/strong><\/h3>\n\n\n\n<p>Antes de tudo, \u00e9 fundamental entender que ART e RRT cumprem a mesma fun\u00e7\u00e3o essencial: <strong>formalizar a responsabilidade t\u00e9cnica de um profissional sobre uma atividade<\/strong>.<\/p>\n\n\n\n<p>No entanto, apesar dessa semelhan\u00e7a, existe uma diferen\u00e7a estrutural importante.<\/p>\n\n\n\n<p>A ART (Anota\u00e7\u00e3o de Responsabilidade T\u00e9cnica) est\u00e1 vinculada ao sistema CREA.<br>Por outro lado, o RRT (Registro de Responsabilidade T\u00e9cnica) pertence ao CAU.<\/p>\n\n\n\n<p><strong>Ou seja<\/strong>, ambos registram responsabilidade \u2014 <strong>mas em conselhos diferentes<\/strong>.<\/p>\n\n\n\n<h3 class=\"wp-block-heading\"><strong>Quem emite ART e quem emite RRT<\/strong><\/h3>\n\n\n\n<p>De forma pr\u00e1tica, a divis\u00e3o funciona assim:<\/p>\n\n\n\n<p><strong>ART (CREA):<\/strong><\/p>\n\n\n\n<ul class=\"wp-block-list\">\n<li>Engenheiros (civil, ambiental, el\u00e9trico, etc.)<\/li>\n\n\n\n<li>Engenheiros agr\u00f4nomos<\/li>\n\n\n\n<li>Ge\u00f3grafos (em alguns casos)<\/li>\n\n\n\n<li>Engenheiros florestais<\/li>\n<\/ul>\n\n\n\n<p><strong>RRT (CAU):<\/strong><\/p>\n\n\n\n<ul class=\"wp-block-list\">\n<li>Arquitetos e urbanistas<\/li>\n<\/ul>\n\n\n\n<p><strong>Portanto<\/strong>, a escolha entre ART e RRT n\u00e3o \u00e9 opcional.<br><strong>Ela depende diretamente da forma\u00e7\u00e3o do profissional.<\/strong><\/p>\n\n\n\n<p>Al\u00e9m disso, cada conselho define as atribui\u00e7\u00f5es que aquele profissional pode exercer.<\/p>\n\n\n\n<p><strong>Consequentemente<\/strong>, n\u00e3o \u00e9 poss\u00edvel \u201cescolher\u201d emitir ART ou RRT \u2014 <strong>o conselho de registro determina isso automaticamente<\/strong>.<\/p>\n\n\n\n<h3 class=\"wp-block-heading\"><strong>Diferen\u00e7a na atua\u00e7\u00e3o pr\u00e1tica<\/strong><\/h3>\n\n\n\n<p>Embora ambos os documentos tenham a mesma fun\u00e7\u00e3o jur\u00eddica, a aplica\u00e7\u00e3o pr\u00e1tica muda bastante.<\/p>\n\n\n\n<p><strong>Em geral:<\/strong><\/p>\n\n\n\n<ul class=\"wp-block-list\">\n<li>A ART aparece com mais frequ\u00eancia em:\n<ul class=\"wp-block-list\">\n<li>Estruturas<\/li>\n\n\n\n<li>Obras<\/li>\n\n\n\n<li>Infraestrutura<\/li>\n\n\n\n<li>Projetos t\u00e9cnicos de engenharia<\/li>\n<\/ul>\n<\/li>\n\n\n\n<li>O RRT aparece mais em:\n<ul class=\"wp-block-list\">\n<li>Projetos arquitet\u00f4nicos<\/li>\n\n\n\n<li>Planejamento urbano<\/li>\n\n\n\n<li>Interven\u00e7\u00f5es no espa\u00e7o constru\u00eddo<\/li>\n<\/ul>\n<\/li>\n<\/ul>\n\n\n\n<p><strong>No entanto<\/strong>, existe uma zona de interse\u00e7\u00e3o.<\/p>\n\n\n\n<p>Por exemplo:<\/p>\n\n\n\n<ul class=\"wp-block-list\">\n<li>Um projeto pode envolver arquitetura e estrutura<\/li>\n\n\n\n<li>Um licenciamento pode envolver m\u00faltiplas disciplinas<\/li>\n<\/ul>\n\n\n\n<p><strong>Nesse caso<\/strong>, diferentes profissionais atuam juntos, cada um com seu registro.<\/p>\n\n\n\n<h3 class=\"wp-block-heading\"><strong>O erro cr\u00edtico: usar o documento errado<\/strong><\/h3>\n\n\n\n<p>Aqui est\u00e1 um dos erros mais graves \u2014 e mais comuns.<\/p>\n\n\n\n<p>Muitas pessoas acreditam que ART e RRT s\u00e3o intercambi\u00e1veis.<br><strong>Isso est\u00e1 errado.<\/strong><\/p>\n\n\n\n<p>Se um engenheiro precisa emitir ART, ele n\u00e3o pode substituir por RRT.<br>Da mesma forma, um arquiteto n\u00e3o emite ART.<\/p>\n\n\n\n<p><strong>Quando isso acontece:<\/strong><\/p>\n\n\n\n<ul class=\"wp-block-list\">\n<li>O documento pode ser invalidado<\/li>\n\n\n\n<li>O \u00f3rg\u00e3o pode rejeitar o processo<\/li>\n\n\n\n<li>O servi\u00e7o perde respaldo legal<\/li>\n<\/ul>\n\n\n\n<p><strong>Ou seja<\/strong>, usar o documento errado equivale a n\u00e3o ter documento nenhum.<\/p>\n\n\n\n<h3 class=\"wp-block-heading\"><strong>Sobreposi\u00e7\u00e3o de atividades: quem faz o qu\u00ea<\/strong><\/h3>\n\n\n\n<p>Em alguns casos, h\u00e1 sobreposi\u00e7\u00e3o de atua\u00e7\u00e3o entre engenheiros e arquitetos.<\/p>\n\n\n\n<p>Por exemplo:<\/p>\n\n\n\n<ul class=\"wp-block-list\">\n<li>Projetos de edifica\u00e7\u00f5es<\/li>\n\n\n\n<li>Reformas<\/li>\n\n\n\n<li>Regulariza\u00e7\u00f5es<\/li>\n<\/ul>\n\n\n\n<p><strong>Nesse cen\u00e1rio<\/strong>, surge a d\u00favida: quem deve assinar?<\/p>\n\n\n\n<p>A resposta depende de dois fatores:<\/p>\n\n\n\n<ul class=\"wp-block-list\">\n<li>A natureza da atividade<\/li>\n\n\n\n<li>A atribui\u00e7\u00e3o profissional<\/li>\n<\/ul>\n\n\n\n<p><strong>Assim<\/strong>, pode acontecer de:<\/p>\n\n\n\n<ul class=\"wp-block-list\">\n<li>Um arquiteto emitir RRT para o projeto arquitet\u00f4nico<\/li>\n\n\n\n<li>Um engenheiro emitir ART para o projeto estrutural<\/li>\n<\/ul>\n\n\n\n<p><strong>Portanto<\/strong>, a solu\u00e7\u00e3o n\u00e3o \u00e9 escolher um ou outro.<br><strong>\u00c9 dividir corretamente as responsabilidades.<\/strong><\/p>\n\n\n\n<h3 class=\"wp-block-heading\"><strong>Diferen\u00e7a no impacto jur\u00eddico<\/strong><\/h3>\n\n\n\n<p>Do ponto de vista legal, ART e RRT possuem o mesmo peso.<\/p>\n\n\n\n<p>Ambos:<\/p>\n\n\n\n<ul class=\"wp-block-list\">\n<li>Formalizam responsabilidade<\/li>\n\n\n\n<li>Servem como prova t\u00e9cnica<\/li>\n\n\n\n<li>S\u00e3o utilizados em processos judiciais<\/li>\n<\/ul>\n\n\n\n<p><strong>No entanto<\/strong>, o impacto jur\u00eddico depende da corre\u00e7\u00e3o do documento.<\/p>\n\n\n\n<p>Se houver erro:<\/p>\n\n\n\n<ul class=\"wp-block-list\">\n<li>Na atribui\u00e7\u00e3o<\/li>\n\n\n\n<li>No profissional<\/li>\n\n\n\n<li>No tipo de registro<\/li>\n<\/ul>\n\n\n\n<p><strong>Ent\u00e3o<\/strong>, o documento pode ser contestado.<\/p>\n\n\n\n<p><strong>Consequentemente<\/strong>, a prote\u00e7\u00e3o jur\u00eddica desaparece.<\/p>\n\n\n\n<h3 class=\"wp-block-heading\"><strong>Rela\u00e7\u00e3o com normas e \u00f3rg\u00e3os p\u00fablicos<\/strong><\/h3>\n\n\n\n<p>Al\u00e9m disso, tanto ART quanto RRT s\u00e3o exigidos por \u00f3rg\u00e3os p\u00fablicos.<\/p>\n\n\n\n<p>Em processos como:<\/p>\n\n\n\n<ul class=\"wp-block-list\">\n<li>Licenciamento<\/li>\n\n\n\n<li>Aprova\u00e7\u00e3o de projetos<\/li>\n\n\n\n<li>Regulariza\u00e7\u00e3o de im\u00f3veis<\/li>\n<\/ul>\n\n\n\n<p><strong>Esses documentos funcionam como pr\u00e9-requisito.<\/strong><\/p>\n\n\n\n<p>Sem eles:<\/p>\n\n\n\n<ul class=\"wp-block-list\">\n<li>O processo n\u00e3o avan\u00e7a<\/li>\n\n\n\n<li>A an\u00e1lise n\u00e3o ocorre<\/li>\n\n\n\n<li>A aprova\u00e7\u00e3o n\u00e3o sai<\/li>\n<\/ul>\n\n\n\n<p><strong>Portanto<\/strong>, n\u00e3o se trata de formalidade.<br><strong>\u00c9 condi\u00e7\u00e3o b\u00e1sica para valida\u00e7\u00e3o t\u00e9cnica.<\/strong><\/p>\n\n\n\n<h3 class=\"wp-block-heading\"><strong>A escolha correta n\u00e3o \u00e9 opcional<\/strong><\/h3>\n\n\n\n<p>Um ponto importante: o cliente n\u00e3o escolhe entre ART e RRT.<\/p>\n\n\n\n<p>Essa decis\u00e3o depende de:<\/p>\n\n\n\n<ul class=\"wp-block-list\">\n<li>Quem executa o servi\u00e7o<\/li>\n\n\n\n<li>Qual atividade est\u00e1 sendo realizada<\/li>\n<\/ul>\n\n\n\n<p><strong>Ou seja<\/strong>, a escolha correta \u00e9 t\u00e9cnica, n\u00e3o comercial.<\/p>\n\n\n\n<p>Al\u00e9m disso, tentar \u201cadaptar\u201d o documento para facilitar o processo:<\/p>\n\n\n\n<ul class=\"wp-block-list\">\n<li>Compromete a validade<\/li>\n\n\n\n<li>Aumenta o risco<\/li>\n\n\n\n<li>Pode gerar problemas futuros<\/li>\n<\/ul>\n\n\n\n<h3 class=\"wp-block-heading\"><strong>Engenharia e arquitetura: atua\u00e7\u00e3o complementar<\/strong><\/h3>\n\n\n\n<p>Apesar das diferen\u00e7as, engenharia e arquitetura n\u00e3o competem.<br><strong>Elas se complementam.<\/strong><\/p>\n\n\n\n<p>Na pr\u00e1tica:<\/p>\n\n\n\n<ul class=\"wp-block-list\">\n<li>Arquitetos pensam o espa\u00e7o<\/li>\n\n\n\n<li>Engenheiros garantem a viabilidade t\u00e9cnica<\/li>\n<\/ul>\n\n\n\n<p><strong>Assim<\/strong>, ART e RRT funcionam como registros paralelos de um mesmo projeto.<\/p>\n\n\n\n<p><strong>Cada um cobre uma parte \u2014 e juntos garantem o todo.<\/strong><\/p>\n\n\n\n<h2 class=\"wp-block-heading\"><strong>Como Avaliar se um Laudo \u00e9 Profissional ou \u201cCopia e Cola\u201d<\/strong><\/h2>\n\n\n\n<h3 class=\"wp-block-heading\"><strong>O problema invis\u00edvel: laudos que parecem t\u00e9cnicos, mas n\u00e3o s\u00e3o<\/strong><\/h3>\n\n\n\n<p>\u00c0 primeira vista, muitos laudos parecem completos. Eles t\u00eam capa, fotos, tabelas e linguagem t\u00e9cnica. <strong>No entanto<\/strong>, apar\u00eancia n\u00e3o garante qualidade.<\/p>\n\n\n\n<p>Na pr\u00e1tica, existe um problema recorrente no mercado: <strong>laudos gen\u00e9ricos, reaproveitados e sem base real de an\u00e1lise<\/strong>.<\/p>\n\n\n\n<p>Esses documentos:<\/p>\n\n\n\n<ul class=\"wp-block-list\">\n<li>Repetem textos prontos<\/li>\n\n\n\n<li>N\u00e3o consideram o caso espec\u00edfico<\/li>\n\n\n\n<li>Ignoram vari\u00e1veis importantes<\/li>\n<\/ul>\n\n\n\n<p><strong>Ou seja<\/strong>, parecem t\u00e9cnicos, mas n\u00e3o s\u00e3o.<\/p>\n\n\n\n<p><strong>Portanto<\/strong>, o primeiro passo \u00e9 entender que um laudo de verdade <strong>n\u00e3o nasce de um modelo pronto \u2014 nasce de um diagn\u00f3stico real<\/strong>.<\/p>\n\n\n\n<h3 class=\"wp-block-heading\"><strong>Estrutura cient\u00edfica: o que um bom laudo precisa ter<\/strong><\/h3>\n\n\n\n<p>Em seguida, um laudo profissional segue uma l\u00f3gica clara. Ele n\u00e3o \u00e9 apenas descritivo \u2014 <strong>ele \u00e9 investigativo<\/strong>.<\/p>\n\n\n\n<p>Um bom laudo apresenta:<\/p>\n\n\n\n<ul class=\"wp-block-list\">\n<li><strong>Objetivo bem definido<\/strong><\/li>\n\n\n\n<li><strong>Metodologia aplicada<\/strong><\/li>\n\n\n\n<li><strong>Levantamento de dados<\/strong><\/li>\n\n\n\n<li><strong>An\u00e1lise t\u00e9cnica fundamentada<\/strong><\/li>\n\n\n\n<li><strong>Conclus\u00e3o coerente com os dados<\/strong><\/li>\n<\/ul>\n\n\n\n<p>Al\u00e9m disso, ele responde perguntas espec\u00edficas, como:<\/p>\n\n\n\n<ul class=\"wp-block-list\">\n<li>Qual \u00e9 o problema?<\/li>\n\n\n\n<li>Qual \u00e9 a causa?<\/li>\n\n\n\n<li>Quais s\u00e3o os risco?<\/li>\n\n\n\n<li>Qual \u00e9 a solu\u00e7\u00e3o?<\/li>\n<\/ul>\n\n\n\n<p><strong>Se o laudo n\u00e3o responde isso com clareza, ele n\u00e3o cumpre sua fun\u00e7\u00e3o.<\/strong><\/p>\n\n\n\n<h3 class=\"wp-block-heading\"><strong>Presen\u00e7a de ART: o primeiro filtro de qualidade<\/strong><\/h3>\n\n\n\n<p>Antes de qualquer an\u00e1lise aprofundada, existe um filtro simples e decisivo: <strong>o laudo tem ART?<\/strong><\/p>\n\n\n\n<p>Se a resposta for n\u00e3o, o processo para aqui.<\/p>\n\n\n\n<p><strong>Sem ART:<\/strong><\/p>\n\n\n\n<ul class=\"wp-block-list\">\n<li>N\u00e3o h\u00e1 respons\u00e1vel t\u00e9cnico<\/li>\n\n\n\n<li>Nem h\u00e1 validade jur\u00eddica<\/li>\n\n\n\n<li>N\u00e3o h\u00e1 garantia real<\/li>\n<\/ul>\n\n\n\n<p><strong>Portanto<\/strong>, a aus\u00eancia de ART j\u00e1 indica que o documento n\u00e3o atende ao padr\u00e3o profissional.<\/p>\n\n\n\n<p>Al\u00e9m disso, \u00e9 importante verificar se:<\/p>\n\n\n\n<ul class=\"wp-block-list\">\n<li>A ART est\u00e1 ativa<\/li>\n\n\n\n<li>O profissional \u00e9 compat\u00edvel com a atividade<\/li>\n<\/ul>\n\n\n\n<p><strong>Ou seja<\/strong>, n\u00e3o basta ter ART \u2014 ela precisa estar correta.<\/p>\n\n\n\n<h3 class=\"wp-block-heading\"><strong>Uso de normas t\u00e9cnicas: engenharia n\u00e3o \u00e9 opini\u00e3o<\/strong><\/h3>\n\n\n\n<p>Outro ponto fundamental \u00e9 o uso de normas.<\/p>\n\n\n\n<p>Um laudo t\u00e9cnico s\u00e9rio n\u00e3o se baseia em achismo. <strong>Ele se apoia em crit\u00e9rios normativos<\/strong>, como os da ABNT.<\/p>\n\n\n\n<p>Isso significa que:<\/p>\n\n\n\n<ul class=\"wp-block-list\">\n<li>As an\u00e1lises seguem par\u00e2metros definidos<\/li>\n\n\n\n<li>Conclus\u00f5es t\u00eam base t\u00e9cnica<\/li>\n\n\n\n<li>As recomenda\u00e7\u00f5es s\u00e3o justificadas<\/li>\n<\/ul>\n\n\n\n<p><strong>Quando isso n\u00e3o aparece<\/strong>, o laudo perde for\u00e7a.<\/p>\n\n\n\n<p><strong>Ou seja<\/strong>, sem norma, o documento vira opini\u00e3o disfar\u00e7ada de t\u00e9cnica.<\/p>\n\n\n\n<h3 class=\"wp-block-heading\"><strong>Diagn\u00f3stico vs descri\u00e7\u00e3o: a diferen\u00e7a que define tudo<\/strong><\/h3>\n\n\n\n<p>Aqui est\u00e1 uma das diferen\u00e7as mais importantes.<\/p>\n\n\n\n<p>Um laudo fraco descreve.<br>Um laudo profissional diagnostica.<\/p>\n\n\n\n<p><strong>Descrever \u00e9 dizer o que est\u00e1 vis\u00edvel.<\/strong><br><strong>Diagnosticar \u00e9 explicar por que aquilo acontece.<\/strong><\/p>\n\n\n\n<p>Por exemplo:<\/p>\n\n\n\n<ul class=\"wp-block-list\">\n<li>Descri\u00e7\u00e3o: \u201ch\u00e1 uma fissura na parede\u201d<\/li>\n\n\n\n<li>Diagn\u00f3stico: \u201ca fissura ocorre por movimenta\u00e7\u00e3o estrutural associada \u00e0 funda\u00e7\u00e3o\u201d<\/li>\n<\/ul>\n\n\n\n<p><strong>Percebe a diferen\u00e7a?<\/strong><\/p>\n\n\n\n<p><strong>Portanto<\/strong>, se o laudo apenas aponta sintomas, ele est\u00e1 incompleto.<\/p>\n\n\n\n<h3 class=\"wp-block-heading\"><strong>Personaliza\u00e7\u00e3o: cada caso \u00e9 \u00fanico<\/strong><\/h3>\n\n\n\n<p>Al\u00e9m disso, um bom laudo considera o contexto espec\u00edfico.<\/p>\n\n\n\n<p>Cada im\u00f3vel tem:<\/p>\n\n\n\n<ul class=\"wp-block-list\">\n<li>Hist\u00f3ria construtiva<\/li>\n\n\n\n<li>Condi\u00e7\u00f5es de uso<\/li>\n\n\n\n<li>Interven\u00e7\u00f5es anteriores<\/li>\n\n\n\n<li>Ambiente externo<\/li>\n<\/ul>\n\n\n\n<p><strong>Por isso<\/strong>, laudos gen\u00e9ricos s\u00e3o um sinal de alerta.<\/p>\n\n\n\n<p>Se o documento poderia servir para qualquer im\u00f3vel, <strong>ele n\u00e3o foi feito para o seu<\/strong>.<\/p>\n\n\n\n<p><strong>E isso compromete diretamente a confiabilidade da an\u00e1lise.<\/strong><\/p>\n\n\n\n<h3 class=\"wp-block-heading\"><strong>Evid\u00eancias t\u00e9cnicas: o que sustenta a conclus\u00e3o<\/strong><\/h3>\n\n\n\n<p>Outro ponto cr\u00edtico envolve evid\u00eancia.<\/p>\n\n\n\n<p>Um laudo profissional n\u00e3o apenas afirma \u2014 <strong>ele demonstra<\/strong>.<\/p>\n\n\n\n<p>Isso pode incluir:<\/p>\n\n\n\n<ul class=\"wp-block-list\">\n<li>Fotos t\u00e9cnicas contextualizadas<\/li>\n\n\n\n<li>Ensaios realizados<\/li>\n\n\n\n<li>Medi\u00e7\u00f5es<\/li>\n\n\n\n<li>Testes espec\u00edficos<\/li>\n<\/ul>\n\n\n\n<p><strong>Al\u00e9m disso<\/strong>, cada evid\u00eancia deve se conectar \u00e0 conclus\u00e3o.<\/p>\n\n\n\n<p><strong>Caso contr\u00e1rio<\/strong>, o documento perde consist\u00eancia.<\/p>\n\n\n\n<h3 class=\"wp-block-heading\"><strong>Clareza na conclus\u00e3o e na solu\u00e7\u00e3o<\/strong><\/h3>\n\n\n\n<p>Um erro comum \u00e9 apresentar conclus\u00f5es vagas.<\/p>\n\n\n\n<p>Frases como:<\/p>\n\n\n\n<ul class=\"wp-block-list\">\n<li>\u201crecomenda-se avalia\u00e7\u00e3o\u201d<\/li>\n\n\n\n<li>\u201csugere-se acompanhamento\u201d<\/li>\n<\/ul>\n\n\n\n<p><strong>n\u00e3o resolvem o problema<\/strong>.<\/p>\n\n\n\n<p>Um bom laudo:<\/p>\n\n\n\n<ul class=\"wp-block-list\">\n<li>Define o risco<\/li>\n\n\n\n<li>Aponta a causa<\/li>\n\n\n\n<li>Indica a solu\u00e7\u00e3o<\/li>\n<\/ul>\n\n\n\n<p><strong>De forma clara, direta e aplic\u00e1vel.<\/strong><\/p>\n\n\n\n<p><strong>Ou seja<\/strong>, ele n\u00e3o apenas informa \u2014 ele orienta decis\u00e3o.<\/p>\n\n\n\n<h3 class=\"wp-block-heading\"><strong>O impacto direto na tomada de decis\u00e3o<\/strong><\/h3>\n\n\n\n<p>No final, o laudo serve para uma coisa: decidir.<\/p>\n\n\n\n<p>Se ele for ruim:<\/p>\n\n\n\n<ul class=\"wp-block-list\">\n<li>Voc\u00ea pode gastar errado<\/li>\n\n\n\n<li>Pode ignorar um risco real<\/li>\n\n\n\n<li>Pode executar uma solu\u00e7\u00e3o inadequada<\/li>\n<\/ul>\n\n\n\n<p><strong>Consequentemente<\/strong>, o preju\u00edzo pode ser t\u00e9cnico, financeiro e at\u00e9 jur\u00eddico.<\/p>\n\n\n\n<p>Por outro lado, um laudo bem feito:<\/p>\n\n\n\n<ul class=\"wp-block-list\">\n<li>Reduz incerteza<\/li>\n\n\n\n<li>Direciona investimento<\/li>\n\n\n\n<li>Evita retrabalho<\/li>\n<\/ul>\n\n\n\n<p><strong>Portanto<\/strong>, a qualidade do laudo define a qualidade da decis\u00e3o.<\/p>\n\n\n\n<h2 class=\"wp-block-heading\"><strong>ART no Contexto Ambiental e ESG<\/strong><\/h2>\n\n\n\n<h3 class=\"wp-block-heading\"><strong>O que \u00e9 ESG e por que isso impacta a engenharia<\/strong><\/h3>\n\n\n\n<p>Antes de tudo, \u00e9 importante entender o contexto. ESG (Environmental, Social and Governance) deixou de ser tend\u00eancia e passou a ser exig\u00eancia de mercado.<\/p>\n\n\n\n<p><strong>Nesse sentido<\/strong>, empresas, investidores e \u00f3rg\u00e3os reguladores passaram a cobrar:<\/p>\n\n\n\n<ul class=\"wp-block-list\">\n<li>Responsabilidade ambiental<\/li>\n\n\n\n<li>Impacto social controlado<\/li>\n\n\n\n<li>Governan\u00e7a transparente<\/li>\n<\/ul>\n\n\n\n<p><strong>Assim<\/strong>, a engenharia entra como pe\u00e7a central, pois \u00e9 ela que materializa projetos, obras e interven\u00e7\u00f5es que impactam diretamente o meio ambiente.<\/p>\n\n\n\n<p><strong>Portanto<\/strong>, qualquer atividade t\u00e9cnica sem controle e sem responsabilidade formal <strong>entra em conflito direto com os princ\u00edpios ESG<\/strong>.<\/p>\n\n\n\n<h3 class=\"wp-block-heading\"><strong>A ART como instrumento de governan\u00e7a<\/strong><\/h3>\n\n\n\n<p>Dentro desse cen\u00e1rio, a ART ganha um papel estrat\u00e9gico.<\/p>\n\n\n\n<p><strong>Al\u00e9m de ser um documento t\u00e9cnico<\/strong>, ela tamb\u00e9m funciona como ferramenta de governan\u00e7a.<\/p>\n\n\n\n<p>Isso acontece porque a ART:<\/p>\n\n\n\n<ul class=\"wp-block-list\">\n<li>Define respons\u00e1veis<\/li>\n\n\n\n<li>Registra decis\u00f5es t\u00e9cnicas<\/li>\n\n\n\n<li>Garante rastreabilidade<\/li>\n<\/ul>\n\n\n\n<p><strong>Dessa forma<\/strong>, ela atende diretamente ao pilar \u201cG\u201d do ESG (Governance).<\/p>\n\n\n\n<p><strong>Ou seja<\/strong>, a ART n\u00e3o apenas formaliza um servi\u00e7o \u2014 ela organiza a responsabilidade dentro de uma estrutura confi\u00e1vel.<\/p>\n\n\n\n<h3 class=\"wp-block-heading\"><strong>Responsabilidade ambiental e rastreabilidade<\/strong><\/h3>\n\n\n\n<p>Quando falamos de impacto ambiental, a rastreabilidade se torna essencial.<\/p>\n\n\n\n<p><strong>Isso porque<\/strong>, em caso de dano:<\/p>\n\n\n\n<ul class=\"wp-block-list\">\n<li>\u00c9 necess\u00e1rio identificar a origem<\/li>\n\n\n\n<li>Entender o processo<\/li>\n\n\n\n<li>Apontar o respons\u00e1vel<\/li>\n<\/ul>\n\n\n\n<p><strong>Nesse contexto<\/strong>, a ART funciona como um registro t\u00e9cnico que permite:<\/p>\n\n\n\n<ul class=\"wp-block-list\">\n<li>Saber quem executou<\/li>\n\n\n\n<li>Entender o que foi feito<\/li>\n\n\n\n<li>Saber quando foi feito<\/li>\n<\/ul>\n\n\n\n<p><strong>Consequentemente<\/strong>, ela viabiliza auditorias, fiscaliza\u00e7\u00f5es e investiga\u00e7\u00f5es.<\/p>\n\n\n\n<p><strong>Sem esse controle<\/strong>, o sistema perde transpar\u00eancia \u2014 e o risco aumenta.<\/p>\n\n\n\n<h3 class=\"wp-block-heading\"><strong>ART em licenciamento e regulariza\u00e7\u00e3o ambiental<\/strong><\/h3>\n\n\n\n<p>Al\u00e9m disso, a ART \u00e9 pe\u00e7a-chave em processos de regulariza\u00e7\u00e3o.<\/p>\n\n\n\n<p>Em atividades como:<\/p>\n\n\n\n<ul class=\"wp-block-list\">\n<li>Licenciamento ambiental<\/li>\n\n\n\n<li>Estudos de impacto<\/li>\n\n\n\n<li>Monitoramento cont\u00ednuo<\/li>\n<\/ul>\n\n\n\n<p><strong>A presen\u00e7a da ART \u00e9 obrigat\u00f3ria<\/strong>.<\/p>\n\n\n\n<p><strong>Isso ocorre porque<\/strong> os \u00f3rg\u00e3os ambientais precisam garantir que:<\/p>\n\n\n\n<ul class=\"wp-block-list\">\n<li>H\u00e1 responsabilidade t\u00e9cnica<\/li>\n\n\n\n<li>O estudo tem base profissional<\/li>\n\n\n\n<li>O projeto segue crit\u00e9rios normativos<\/li>\n<\/ul>\n\n\n\n<p><strong>Portanto<\/strong>, sem ART, o processo n\u00e3o avan\u00e7a.<\/p>\n\n\n\n<p><strong>E, consequentemente<\/strong>, a empresa n\u00e3o opera dentro da legalidade.<\/p>\n\n\n\n<h3 class=\"wp-block-heading\"><strong>ESG e risco jur\u00eddico: onde a ART entra<\/strong><\/h3>\n\n\n\n<p>Outro ponto importante envolve risco.<\/p>\n\n\n\n<p>Empresas que n\u00e3o seguem pr\u00e1ticas ESG:<\/p>\n\n\n\n<ul class=\"wp-block-list\">\n<li>Sofrem san\u00e7\u00f5es<\/li>\n\n\n\n<li>Perdem valor de mercado<\/li>\n\n\n\n<li>Enfrentam problemas legais<\/li>\n<\/ul>\n\n\n\n<p><strong>Nesse cen\u00e1rio<\/strong>, a ART atua como elemento de prote\u00e7\u00e3o.<\/p>\n\n\n\n<p>Ela:<\/p>\n\n\n\n<ul class=\"wp-block-list\">\n<li>Formaliza responsabilidade<\/li>\n\n\n\n<li>Comprova conformidade<\/li>\n\n\n\n<li>Sustenta defesa t\u00e9cnica<\/li>\n<\/ul>\n\n\n\n<p><strong>Assim<\/strong>, em caso de questionamento, a empresa possui documenta\u00e7\u00e3o que demonstra controle e dilig\u00eancia.<\/p>\n\n\n\n<h3 class=\"wp-block-heading\"><strong>O papel da ART na valoriza\u00e7\u00e3o do ativo<\/strong><\/h3>\n\n\n\n<p>Al\u00e9m do aspecto legal, existe um impacto direto no valor do neg\u00f3cio.<\/p>\n\n\n\n<p>Empresas que adotam boas pr\u00e1ticas:<\/p>\n\n\n\n<ul class=\"wp-block-list\">\n<li>Atraem investidores<\/li>\n\n\n\n<li>Ganham credibilidade<\/li>\n\n\n\n<li>Reduzem riscos<\/li>\n<\/ul>\n\n\n\n<p><strong>Nesse sentido<\/strong>, a ART contribui para:<\/p>\n\n\n\n<ul class=\"wp-block-list\">\n<li>Organiza\u00e7\u00e3o documental<\/li>\n\n\n\n<li>Transpar\u00eancia t\u00e9cnica<\/li>\n\n\n\n<li>Confiabilidade operacional<\/li>\n<\/ul>\n\n\n\n<p><strong>Ou seja<\/strong>, ela deixa de ser apenas uma exig\u00eancia e passa a ser um ativo estrat\u00e9gico.<\/p>\n\n\n\n<h3 class=\"wp-block-heading\"><strong>Integra\u00e7\u00e3o entre equipes t\u00e9cnicas e ESG<\/strong><\/h3>\n\n\n\n<p>Projetos com foco ESG geralmente envolvem m\u00faltiplas disciplinas.<\/p>\n\n\n\n<p>Por exemplo:<\/p>\n\n\n\n<ul class=\"wp-block-list\">\n<li>Engenharia<\/li>\n\n\n\n<li>Biologia<\/li>\n\n\n\n<li>Qu\u00edmica<\/li>\n\n\n\n<li>Arquitetura<\/li>\n<\/ul>\n\n\n\n<p><strong>Nesse contexto<\/strong>, a ART ajuda a organizar essa integra\u00e7\u00e3o.<\/p>\n\n\n\n<p>Cada profissional:<\/p>\n\n\n\n<ul class=\"wp-block-list\">\n<li>Assume sua responsabilidade<\/li>\n\n\n\n<li>Registra sua atua\u00e7\u00e3o<\/li>\n\n\n\n<li>Contribui de forma estruturada<\/li>\n<\/ul>\n\n\n\n<p><strong>Consequentemente<\/strong>, o projeto se torna mais s\u00f3lido e audit\u00e1vel.<\/p>\n\n\n\n<h3 class=\"wp-block-heading\"><strong>Tend\u00eancia de mercado: mais controle, menos improviso<\/strong><\/h3>\n\n\n\n<p>Nos \u00faltimos anos, o mercado passou por uma mudan\u00e7a clara.<\/p>\n\n\n\n<p>Antes:<\/p>\n\n\n\n<ul class=\"wp-block-list\">\n<li>Menos controle<\/li>\n\n\n\n<li>Mais informalidade<\/li>\n<\/ul>\n\n\n\n<p>Agora:<\/p>\n\n\n\n<ul class=\"wp-block-list\">\n<li>Muita exig\u00eancia t\u00e9cnica<\/li>\n\n\n\n<li>Mais fiscaliza\u00e7\u00e3o<\/li>\n\n\n\n<li>Mais responsabilidade<\/li>\n<\/ul>\n\n\n\n<p><strong>Portanto<\/strong>, a tend\u00eancia \u00e9 simples:<br><strong>cada vez menos espa\u00e7o para improviso e cada vez mais exig\u00eancia por rastreabilidade.<\/strong><\/p>\n\n\n\n<p>E, nesse cen\u00e1rio, a ART se consolida como ferramenta essencial.<\/p>\n\n\n\n<h3 class=\"wp-block-heading\"><strong>A rela\u00e7\u00e3o entre ESG, reputa\u00e7\u00e3o e responsabilidade t\u00e9cnica<\/strong><\/h3>\n\n\n\n<p>Al\u00e9m disso, reputa\u00e7\u00e3o passou a ser um ativo cr\u00edtico.<\/p>\n\n\n\n<p>Empresas que falham em quest\u00f5es ambientais:<\/p>\n\n\n\n<ul class=\"wp-block-list\">\n<li>Sofrem impacto de imagem<\/li>\n\n\n\n<li>Perdem confian\u00e7a do mercado<\/li>\n\n\n\n<li>Enfrentam crises p\u00fablicas<\/li>\n<\/ul>\n\n\n\n<p><strong>Por outro lado<\/strong>, empresas que demonstram controle t\u00e9cnico:<\/p>\n\n\n\n<ul class=\"wp-block-list\">\n<li>Transmitem seguran\u00e7a<\/li>\n\n\n\n<li>Ganham credibilidade<\/li>\n\n\n\n<li>Se posicionam melhor<\/li>\n<\/ul>\n\n\n\n<p><strong>Nesse ponto<\/strong>, a ART contribui diretamente, pois evidencia que:<\/p>\n\n\n\n<ul class=\"wp-block-list\">\n<li>Existe responsabilidade<\/li>\n\n\n\n<li>Tem controle<\/li>\n\n\n\n<li>Existe gest\u00e3o t\u00e9cnica<\/li>\n<\/ul>\n\n\n\n<h2 class=\"wp-block-heading\"><strong>Guia Pr\u00e1tico para Contratar com Seguran\u00e7a<\/strong><\/h2>\n\n\n\n<h3 class=\"wp-block-heading\"><strong>Antes de tudo: n\u00e3o contrate no impulso<\/strong><\/h3>\n\n\n\n<p>Antes de mais nada, \u00e9 fundamental entender que contratar um servi\u00e7o t\u00e9cnico <strong>n\u00e3o \u00e9 uma decis\u00e3o emocional<\/strong>. Muitas vezes, diante de um problema \u2014 como infiltra\u00e7\u00e3o, fissura ou exig\u00eancia legal \u2014 surge a pressa. <strong>No entanto<\/strong>, agir no impulso costuma levar a escolhas erradas.<\/p>\n\n\n\n<p><strong>Por isso<\/strong>, o primeiro passo \u00e9 simples: desacelerar.<\/p>\n\n\n\n<p>Al\u00e9m disso, \u00e9 importante organizar:<\/p>\n\n\n\n<ul class=\"wp-block-list\">\n<li>O problema que precisa ser resolvido<\/li>\n\n\n\n<li>O n\u00edvel de urg\u00eancia<\/li>\n\n\n\n<li>O impacto potencial<\/li>\n<\/ul>\n\n\n\n<p><strong>Assim<\/strong>, voc\u00ea evita cair em solu\u00e7\u00f5es r\u00e1pidas, por\u00e9m ineficazes.<\/p>\n\n\n\n<h3 class=\"wp-block-heading\"><strong>Verifique o b\u00e1sico: registro e habilita\u00e7\u00e3o<\/strong><\/h3>\n\n\n\n<p>Em seguida, antes mesmo de avaliar proposta ou pre\u00e7o, valide o profissional.<\/p>\n\n\n\n<p>Primeiramente, confira:<\/p>\n\n\n\n<ul class=\"wp-block-list\">\n<li>Caso ele possua registro ativo no conselho<\/li>\n\n\n\n<li>Se atua dentro das atribui\u00e7\u00f5es corretas<\/li>\n\n\n\n<li>Se tem experi\u00eancia no tipo de servi\u00e7o<\/li>\n<\/ul>\n\n\n\n<p>Al\u00e9m disso, sempre que poss\u00edvel:<\/p>\n\n\n\n<ul class=\"wp-block-list\">\n<li>Consulte o n\u00famero de registro<\/li>\n\n\n\n<li>Verifique hist\u00f3rico profissional<\/li>\n\n\n\n<li>Busque refer\u00eancias<\/li>\n<\/ul>\n\n\n\n<p><strong>Dessa forma<\/strong>, voc\u00ea elimina grande parte dos riscos logo no in\u00edcio.<\/p>\n\n\n\n<h3 class=\"wp-block-heading\"><strong>Exija ART (ou RRT) desde o in\u00edcio<\/strong><\/h3>\n\n\n\n<p>Al\u00e9m disso, um ponto n\u00e3o negoci\u00e1vel \u00e9 a responsabilidade t\u00e9cnica formal.<\/p>\n\n\n\n<p>Desde o primeiro contato, deixe claro:<\/p>\n\n\n\n<ul class=\"wp-block-list\">\n<li>O servi\u00e7o deve ter ART ou RRT<\/li>\n\n\n\n<li>Documento deve estar vinculado \u00e0 atividade correta<\/li>\n\n\n\n<li>O profissional deve assumir a responsabilidade<\/li>\n<\/ul>\n\n\n\n<p><strong>Se houver resist\u00eancia<\/strong>, isso j\u00e1 \u00e9 um sinal de alerta.<\/p>\n\n\n\n<p><strong>Portanto<\/strong>, n\u00e3o trate a ART como um \u201cextra\u201d.<br><strong>Ela faz parte do servi\u00e7o.<\/strong><\/p>\n\n\n\n<h3 class=\"wp-block-heading\"><strong>Analise a proposta t\u00e9cnica, n\u00e3o s\u00f3 o pre\u00e7o<\/strong><\/h3>\n\n\n\n<p>Em muitos casos, o erro acontece aqui.<\/p>\n\n\n\n<p>O cliente compara valores e escolhe o mais barato. <strong>No entanto<\/strong>, servi\u00e7os t\u00e9cnicos n\u00e3o funcionam como produtos padronizados.<\/p>\n\n\n\n<p><strong>Por isso<\/strong>, avalie:<\/p>\n\n\n\n<ul class=\"wp-block-list\">\n<li>O escopo est\u00e1 claro?<\/li>\n\n\n\n<li>Existe metodologia definida?<\/li>\n\n\n\n<li>O profissional explicou o processo?<\/li>\n<\/ul>\n\n\n\n<p>Al\u00e9m disso, observe se:<\/p>\n\n\n\n<ul class=\"wp-block-list\">\n<li>H\u00e1 visita t\u00e9cnica prevista<\/li>\n\n\n\n<li>Existe an\u00e1lise real ou apenas suposi\u00e7\u00e3o<\/li>\n\n\n\n<li>O servi\u00e7o inclui diagn\u00f3stico completo<\/li>\n<\/ul>\n\n\n\n<p><strong>Assim<\/strong>, voc\u00ea passa a comparar qualidade \u2014 e n\u00e3o apenas pre\u00e7o.<\/p>\n\n\n\n<h3 class=\"wp-block-heading\"><strong>Entenda o que est\u00e1 sendo entregue<\/strong><\/h3>\n\n\n\n<p>Outro ponto essencial envolve clareza.<\/p>\n\n\n\n<p>Antes de contratar, pergunte:<\/p>\n\n\n\n<ul class=\"wp-block-list\">\n<li>O que exatamente ser\u00e1 entregue?<\/li>\n\n\n\n<li>O laudo ter\u00e1 conclus\u00e3o objetiva?<\/li>\n\n\n\n<li>Haver\u00e1 recomenda\u00e7\u00e3o t\u00e9cnica aplic\u00e1vel?<\/li>\n<\/ul>\n\n\n\n<p>Al\u00e9m disso, verifique se o documento:<\/p>\n\n\n\n<ul class=\"wp-block-list\">\n<li>Resolve o problema<\/li>\n\n\n\n<li>Orienta decis\u00e3o<\/li>\n\n\n\n<li>Tem validade jur\u00eddica<\/li>\n<\/ul>\n\n\n\n<p><strong>Caso contr\u00e1rio<\/strong>, voc\u00ea pode pagar por algo que n\u00e3o serve para nada.<\/p>\n\n\n\n<h3 class=\"wp-block-heading\"><strong>Desconfie de solu\u00e7\u00f5es r\u00e1pidas demais<\/strong><\/h3>\n\n\n\n<p>Al\u00e9m disso, existe um padr\u00e3o que se repete: solu\u00e7\u00f5es milagrosas.<\/p>\n\n\n\n<p>Frases como:<\/p>\n\n\n\n<ul class=\"wp-block-list\">\n<li>\u201cIsso resolve f\u00e1cil\u201d<\/li>\n\n\n\n<li>\u201cN\u00e3o precisa analisar muito\u201d<\/li>\n\n\n\n<li>\u201c\u00c9 s\u00f3 aplicar tal produto\u201d<\/li>\n<\/ul>\n\n\n\n<p><strong>devem acender um alerta imediato.<\/strong><\/p>\n\n\n\n<p>Na engenharia, problemas reais exigem:<\/p>\n\n\n\n<ul class=\"wp-block-list\">\n<li>Diagn\u00f3stico<\/li>\n\n\n\n<li>An\u00e1lise<\/li>\n\n\n\n<li>Crit\u00e9rio t\u00e9cnico<\/li>\n<\/ul>\n\n\n\n<p><strong>Portanto<\/strong>, quanto mais simples parece a solu\u00e7\u00e3o, maior a chance de ela estar errada.<\/p>\n\n\n\n<h3 class=\"wp-block-heading\"><strong>Avalie a postura do profissional<\/strong><\/h3>\n\n\n\n<p>Al\u00e9m da parte t\u00e9cnica, observe o comportamento.<\/p>\n\n\n\n<p>Um bom profissional:<\/p>\n\n\n\n<ul class=\"wp-block-list\">\n<li>Faz perguntas<\/li>\n\n\n\n<li>Investiga o problema<\/li>\n\n\n\n<li>Evita conclus\u00f5es precipitadas<\/li>\n<\/ul>\n\n\n\n<p>Por outro lado, profissionais que:<\/p>\n\n\n\n<ul class=\"wp-block-list\">\n<li>Respondem tudo sem an\u00e1lise<\/li>\n\n\n\n<li>Prometem solu\u00e7\u00e3o imediata<\/li>\n\n\n\n<li>Ignoram detalhes<\/li>\n<\/ul>\n\n\n\n<p><strong>tendem a assumir riscos sem controle.<\/strong><\/p>\n\n\n\n<p><strong>Assim<\/strong>, a postura revela tanto quanto o curr\u00edculo.<\/p>\n\n\n\n<h3 class=\"wp-block-heading\"><strong>Formalize tudo: contrato, escopo e responsabilidade<\/strong><\/h3>\n\n\n\n<p>Depois disso, ao decidir contratar, formalize o servi\u00e7o.<\/p>\n\n\n\n<p>Inclua:<\/p>\n\n\n\n<ul class=\"wp-block-list\">\n<li>Escopo detalhado<\/li>\n\n\n\n<li>Prazo de entrega<\/li>\n\n\n\n<li>Responsabilidade t\u00e9cnica (ART\/RRT)<\/li>\n\n\n\n<li>Limites da atua\u00e7\u00e3o<\/li>\n<\/ul>\n\n\n\n<p>Al\u00e9m disso, alinhe expectativas:<\/p>\n\n\n\n<ul class=\"wp-block-list\">\n<li>Tem o que tanto inclu\u00eddo<\/li>\n\n\n\n<li>O que n\u00e3o est\u00e1<\/li>\n\n\n\n<li>O que pode mudar<\/li>\n<\/ul>\n\n\n\n<p><strong>Dessa forma<\/strong>, voc\u00ea evita conflitos futuros.<\/p>\n\n\n\n<h3 class=\"wp-block-heading\"><strong>Pense no custo total, n\u00e3o no pre\u00e7o inicial<\/strong><\/h3>\n\n\n\n<p>Outro erro comum \u00e9 olhar apenas o valor inicial.<\/p>\n\n\n\n<p><strong>No entanto<\/strong>, o custo real envolve:<\/p>\n\n\n\n<ul class=\"wp-block-list\">\n<li>Qualidade do diagn\u00f3stico<\/li>\n\n\n\n<li>Efici\u00eancia da solu\u00e7\u00e3o<\/li>\n\n\n\n<li>Risco de retrabalho<\/li>\n<\/ul>\n\n\n\n<p>Um servi\u00e7o mais barato pode gerar:<\/p>\n\n\n\n<ul class=\"wp-block-list\">\n<li>Corre\u00e7\u00f5es futuras<\/li>\n\n\n\n<li>Novas contrata\u00e7\u00f5es<\/li>\n\n\n\n<li>Perda de tempo<\/li>\n<\/ul>\n\n\n\n<p><strong>Por outro lado<\/strong>, um servi\u00e7o bem feito resolve na raiz.<\/p>\n\n\n\n<p><strong>Portanto<\/strong>, o foco deve ser custo total \u2014 n\u00e3o pre\u00e7o imediato.<\/p>\n\n\n\n<h2 class=\"wp-block-heading\"><strong>A Decis\u00e3o Que Define o Risco<\/strong><\/h2>\n\n\n\n<p>Desde a emiss\u00e3o da ART, passando pelos limites t\u00e9cnicos, at\u00e9 a diferen\u00e7a entre um laudo confi\u00e1vel e um \u201ccopia e cola\u201d, tudo converge para um ponto central: <strong>decis\u00e3o<\/strong>.<\/p>\n\n\n\n<p>Porque, no fim, voc\u00ea sempre estar\u00e1 diante de uma escolha:<\/p>\n\n\n\n<ul class=\"wp-block-list\">\n<li><strong>Formalizar ou improvisar<\/strong><\/li>\n\n\n\n<li><strong>Diagnosticar ou supor<\/strong><\/li>\n\n\n\n<li><strong>Prevenir ou remediar<\/strong><\/li>\n<\/ul>\n\n\n\n<p>E, embora no curto prazo algumas decis\u00f5es pare\u00e7am mais r\u00e1pidas ou mais baratas, <strong>no m\u00e9dio e longo prazo o custo real sempre aparece<\/strong> \u2014 seja em retrabalho, preju\u00edzo financeiro ou risco jur\u00eddico.<\/p>\n\n\n\n<p>Al\u00e9m disso, ignorar responsabilidade t\u00e9cnica n\u00e3o elimina o problema. <strong>Apenas remove o controle sobre ele.<\/strong><\/p>\n\n\n\n<h3 class=\"wp-block-heading\"><strong>O que separa seguran\u00e7a de risco<\/strong><\/h3>\n\n\n\n<p>Um servi\u00e7o t\u00e9cnico bem executado:<\/p>\n\n\n\n<ul class=\"wp-block-list\">\n<li>Tem respons\u00e1vel definido<\/li>\n\n\n\n<li>Segue norma<\/li>\n\n\n\n<li>Apresenta diagn\u00f3stico real<\/li>\n\n\n\n<li>Indica solu\u00e7\u00e3o aplic\u00e1vel<\/li>\n<\/ul>\n\n\n\n<p>Por outro lado, um servi\u00e7o mal conduzido:<\/p>\n\n\n\n<ul class=\"wp-block-list\">\n<li>N\u00e3o tem rastreabilidade<\/li>\n\n\n\n<li>Nem sustenta decis\u00e3o<\/li>\n\n\n\n<li>N\u00e3o protege juridicamente<\/li>\n<\/ul>\n\n\n\n<p><strong>Ou seja<\/strong>, a diferen\u00e7a n\u00e3o est\u00e1 no papel.<br><strong>Est\u00e1 na confiabilidade daquilo que foi feito.<\/strong><\/p>\n\n\n\n<h3 class=\"wp-block-heading\"><strong>O posicionamento que o mercado exige hoje<\/strong><\/h3>\n\n\n\n<p>O mercado mudou.<\/p>\n\n\n\n<p>No entanto, hoje as empresas, s\u00edndicos e propriet\u00e1rios que querem proteger seu patrim\u00f4nio precisam agir com:<\/p>\n\n\n\n<ul class=\"wp-block-list\">\n<li><strong>Crit\u00e9rio t\u00e9cnico<\/strong><\/li>\n\n\n\n<li><strong>Responsabilidade formal<\/strong><\/li>\n\n\n\n<li><strong>Vis\u00e3o de longo prazo<\/strong><\/li>\n<\/ul>\n\n\n\n<p>Nesse cen\u00e1rio, a ART deixa de ser uma obriga\u00e7\u00e3o e passa a ser um <strong>instrumento de seguran\u00e7a, governan\u00e7a e valoriza\u00e7\u00e3o<\/strong>.<\/p>\n\n\n\n<p>Se voc\u00ea chegou at\u00e9 aqui, j\u00e1 entendeu o principal:<\/p>\n\n\n\n<p><strong>n\u00e3o \u00e9 sobre fazer um laudo.<br>\u00e9 sobre fazer certo.<\/strong><\/p>\n\n\n\n<p>Portanto, antes de contratar qualquer servi\u00e7o:<\/p>\n\n\n\n<ul class=\"wp-block-list\">\n<li>N\u00e3o escolha pelo pre\u00e7o<\/li>\n\n\n\n<li>Nem aceite solu\u00e7\u00f5es gen\u00e9ricas<\/li>\n\n\n\n<li>N\u00e3o abra m\u00e3o da responsabilidade t\u00e9cnica<\/li>\n<\/ul>\n\n\n\n<p><strong>Escolha seguran\u00e7a.<\/strong><\/p>\n\n\n\n<h3 class=\"wp-block-heading\"><strong>Fale com quem assume responsabilidade de verdade<\/strong><\/h3>\n\n\n\n<p>Na <strong>BARBOSA ESTRUTURAL<\/strong>, cada laudo \u00e9 tratado como uma decis\u00e3o cr\u00edtica.<\/p>\n\n\n\n<ul class=\"wp-block-list\">\n<li>Investigamos antes de concluir<\/li>\n\n\n\n<li>Aplicamos norma antes de opinar<\/li>\n\n\n\n<li>Assumimos responsabilidade antes de entregar<\/li>\n<\/ul>\n\n\n\n<p><strong>N\u00e3o vendemos papel.<br>Entregamos diagn\u00f3stico, seguran\u00e7a e base t\u00e9cnica para decis\u00e3o.<\/strong><\/p>\n\n\n\n<p><strong>Precisa de um laudo confi\u00e1vel ou de uma avalia\u00e7\u00e3o t\u00e9cnica s\u00e9ria?<\/strong><br><a href=\"http:\/\/wa.me\/5515988321825\" target=\"_blank\" rel=\"noopener\" title=\"\">Entre em contato agora e fale diretamente com um especialista.<\/a><\/p>\n\n\n\n<p><strong>Seu patrim\u00f4nio n\u00e3o pode depender de suposi\u00e7\u00e3o.<\/strong><\/p>\n\n\n\n<hr class=\"wp-block-separator has-alpha-channel-opacity\"\/>\n\n\n\n<p><a href=\"https:\/\/barbosaestrutural.com.br\/index.php\/2024\/12\/09\/quais-os-principais-reforcamentos\/\" target=\"_blank\" rel=\"noopener\" title=\"\">Leia tamb\u00e9m<\/a><\/p>\n","protected":false},"excerpt":{"rendered":"<p>O que \u00e9 a ART e por que ela existe A Anota\u00e7\u00e3o de Responsabilidade T\u00e9cnica (ART) n\u00e3o surgiu por burocracia. Na pr\u00e1tica, ela nasce como um mecanismo de controle, rastreabilidade e responsabiliza\u00e7\u00e3o dentro da engenharia. Ou seja, toda atividade t\u00e9cnica relevante precisa ter um respons\u00e1vel claramente identificado. Sem isso, o sistema colapsa.Ou seja, n\u00e3o existe [&hellip;]<\/p>\n","protected":false},"author":1,"featured_media":7795,"comment_status":"open","ping_status":"open","sticky":false,"template":"","format":"standard","meta":{"footnotes":""},"categories":[153],"tags":[132,135,115,130,121,117,137,134,11,136,114,123,119,125,113,141,139,109,128,95,110,138,127,129,133,120,126,108,118,116,112,122,124,131,142,111,140],"class_list":["post-5957","post","type-post","status-publish","format-standard","has-post-thumbnail","hentry","category-engenharia-diagnostica-pericias-analise-tecnica","tag-arquiteto-perito-judicial","tag-assistente-tecnico-engenharia-civil","tag-casa-cedendo","tag-casa-com-infiltracao","tag-casa-trincado","tag-engenharia-de-avaliacoes-e-pericias","tag-engenheiro-civil-perito-judicial","tag-imovel-com-problemas-estruturais","tag-laudo-de-engenharia-civil","tag-laudo-engenharia-civil","tag-laudo-engenheiro-civil","tag-laudo-pericial-engenharia-civil","tag-laudo-tecnico-construcao-civil","tag-laudo-tecnico-de-inspecao-predial","tag-laudo-tecnico-engenharia-civil","tag-laudos-engenharia-civil","tag-pericia-e-avaliacao-de-imoveis","tag-pericia-engenharia-civil","tag-pericia-judicial-engenharia-civil","tag-perito-avaliador-de-imoveis","tag-perito-engenharia-civil","tag-perito-engenheiro-civil","tag-perito-judicial-arquiteto","tag-perito-judicial-engenheiro-civil","tag-processo-contra-construtora-por-defeitos-na-obra","tag-rachadura-estrutural","tag-rachaduras-na-casa","tag-rachaduras-na-parede-quando-se-preocupar","tag-recuperacao-estrutural","tag-reforco-estrutural","tag-reforco-estrutural-com-perfis-metalicos","tag-reforco-estrutural-residencial","tag-responsabilidade-da-construtora-por-defeitos-na-obra","tag-responsabilidade-do-condominio-ou-do-morador","tag-vicio-de-construcao","tag-vicios-construtivos","tag-vicios-de-construcao"],"aioseo_notices":[],"_links":{"self":[{"href":"https:\/\/barbosaestrutural.com.br\/wp-json\/wp\/v2\/posts\/5957","targetHints":{"allow":["GET"]}}],"collection":[{"href":"https:\/\/barbosaestrutural.com.br\/wp-json\/wp\/v2\/posts"}],"about":[{"href":"https:\/\/barbosaestrutural.com.br\/wp-json\/wp\/v2\/types\/post"}],"author":[{"embeddable":true,"href":"https:\/\/barbosaestrutural.com.br\/wp-json\/wp\/v2\/users\/1"}],"replies":[{"embeddable":true,"href":"https:\/\/barbosaestrutural.com.br\/wp-json\/wp\/v2\/comments?post=5957"}],"version-history":[{"count":2,"href":"https:\/\/barbosaestrutural.com.br\/wp-json\/wp\/v2\/posts\/5957\/revisions"}],"predecessor-version":[{"id":10115,"href":"https:\/\/barbosaestrutural.com.br\/wp-json\/wp\/v2\/posts\/5957\/revisions\/10115"}],"wp:featuredmedia":[{"embeddable":true,"href":"https:\/\/barbosaestrutural.com.br\/wp-json\/wp\/v2\/media\/7795"}],"wp:attachment":[{"href":"https:\/\/barbosaestrutural.com.br\/wp-json\/wp\/v2\/media?parent=5957"}],"wp:term":[{"taxonomy":"category","embeddable":true,"href":"https:\/\/barbosaestrutural.com.br\/wp-json\/wp\/v2\/categories?post=5957"},{"taxonomy":"post_tag","embeddable":true,"href":"https:\/\/barbosaestrutural.com.br\/wp-json\/wp\/v2\/tags?post=5957"}],"curies":[{"name":"wp","href":"https:\/\/api.w.org\/{rel}","templated":true}]}}